{"id":1030,"date":"2023-07-03T19:43:50","date_gmt":"2023-07-03T17:43:50","guid":{"rendered":"https:\/\/rouvenkoetter.de\/?p=1030"},"modified":"2023-07-03T19:43:52","modified_gmt":"2023-07-03T17:43:52","slug":"faire-chance-fuer-alle","status":"publish","type":"post","link":"https:\/\/rouvenkoetter.de\/index.php\/2023\/07\/03\/faire-chance-fuer-alle\/","title":{"rendered":"Faire Chance f\u00fcr alle!"},"content":{"rendered":"\n<p>K\u00f6tter und K\u00f6nig mit gemeinsamer Aktion f\u00fcr \u201eDie Tafeln\u201c Friedberg<\/p>\n\n\n\n<p>Schulstartpakete f\u00fcr 32 Sch\u00fclerinnen und Sch\u00fcler gespendet<\/p>\n\n\n\n<p>Petra Himmel-Tr\u00f6ger von den Friedberger Tafeln konnte man die Freude im Gesicht ablesen, als sie die 32 Schulstartpakete auf der Friedberger Kaiserstra\u00dfe vor dem Gesch\u00e4ft \u201eK\u00f6nig Plus\u201c von Jens K\u00f6nig in Empfang nahm. \u201eVielen Dank an alle, die mit ihrer Spende dazu beigetragen haben, dass wir 32 Sch\u00fclerinnen und Sch\u00fclern ein qualitativ hochwertiges Starterpaket mit auf den Schulweg geben k\u00f6nne. Danke auch an das Unternehmen K\u00f6nig Plus f\u00fcr die Unterst\u00fctzung und an Rouven K\u00f6tter f\u00fcr die Organisation. Er hatte mir im Rahmen unserer gemeinsamen Podcast-Aufnahme seine Unterst\u00fctzung zugesagt und er hat Wort gehalten\u201c, so Himmel-Tr\u00f6ger.<\/p>\n\n\n\n<p>Im Kundenkreis der Friedberger Tafeln gibt es zum neuen Schuljahr 32 Sch\u00fclerinnen und Sch\u00fcler, die neu ins Schulleben starten und daf\u00fcr eine Grundausstattung ben\u00f6tigen. \u201eWer die Liste schon mal eingekauft hat, die man zum Schuljahresbeginn und insbesondere zum ersten Schuljahr ben\u00f6tigt, der wei\u00df, welche Summe da zusammenkommt. Das ist f\u00fcr viele Familien eine Herausforderung. Ich bin dankbar, dass uns Jens K\u00f6nig bei der Aktion ebenso unterst\u00fctzt hat wie zahlreiche Spenderinnen und Spender\u201c, so Landratskandidat Rouven K\u00f6tter. \u201eEs ist sehr bedauerlich, dass Einrichtungen wie die Tafeln in unserem Land \u00fcberhaupt notwendig sind. Umso wichtiger ist es, dass wir diese unterst\u00fctzen und gleichzeitig daran arbeiten, unsere Gesellschaft permanent zu verbessern, um solche Organisationen mittelfristig \u00fcberfl\u00fcssig zu machen.\u201c<\/p>\n\n\n\n<p>Der Friedberger Unternehmer Jens K\u00f6nig hat sich gerne bereit erkl\u00e4rt, die Aktion unterst\u00fctzend zu begleiten: \u201eDie Tafeln leisten eine \u00e4u\u00dferst wichtige Arbeit. Als \u00f6rtliches Unternehmen \u00fcbernehmen wir nat\u00fcrlich auch soziale Verantwortung und unterst\u00fctzen gern, so gut wir k\u00f6nnen. Deshalb haben wir die Pakete zum Schulstart mit hochwertigen Produkten zusammengestellt und f\u00fcr einen verg\u00fcnstigten Preis zur Verf\u00fcgung gestellt. Jeder sollte eine faire Chance erhalten.\u201c<\/p>\n\n\n\n<p>Die Pakete enthalten eine vorher festgelegt Auswahl von notwendigen Stiften, Linealen, M\u00e4ppchen, Trinkflaschen, Brotdosen, Heften und vielem mehr. Als kleines Dankesch\u00f6n f\u00fcr die Unterst\u00fctzung seiner Aktion gab es f\u00fcr alle Spenderinnen und Spender von Rouven K\u00f6tter eine Flasche seines Heimatschoppens, sowie das gute Gef\u00fchl, ein dankbares L\u00e4cheln in die Gesichter vieler Kinder und Familien gezaubert zu haben.<\/p>\n","protected":false},"excerpt":{"rendered":"<p>K\u00f6tter und K\u00f6nig mit gemeinsamer Aktion f\u00fcr \u201eDie Tafeln\u201c Friedberg Schulstartpakete f\u00fcr 32 Sch\u00fclerinnen und Sch\u00fcler gespendet Petra Himmel-Tr\u00f6ger von den Friedberger Tafeln konnte man die Freude im Gesicht ablesen, als sie die 32 Schulstartpakete auf der Friedberger Kaiserstra\u00dfe vor dem Gesch\u00e4ft \u201eK\u00f6nig Plus\u201c von Jens K\u00f6nig in Empfang nahm. \u201eVielen Dank an alle, die [&hellip;]<\/p>\n","protected":false},"author":2,"featured_media":1031,"comment_status":"closed","ping_status":"closed","sticky":false,"template":"","format":"standard","meta":{"_et_pb_use_builder":"off","_et_pb_old_content":"","_et_gb_content_width":"","footnotes":""},"categories":[1],"tags":[],"class_list":["post-1030","post","type-post","status-publish","format-standard","has-post-thumbnail","hentry","category-allgemein"],"yoast_head":"<!-- This site is optimized with the Yoast SEO Premium plugin v20.4 (Yoast SEO v24.1) - https:\/\/yoast.com\/wordpress\/plugins\/seo\/ -->\n<title>Faire Chance f\u00fcr alle! - Rouven K\u00f6tter<\/title>\n<meta name=\"robots\" content=\"index, follow, max-snippet:-1, max-image-preview:large, max-video-preview:-1\" \/>\n<link rel=\"canonical\" href=\"https:\/\/rouvenkoetter.de\/index.php\/2023\/07\/03\/faire-chance-fuer-alle\/\" \/>\n<meta property=\"og:locale\" content=\"de_DE\" \/>\n<meta property=\"og:type\" content=\"article\" \/>\n<meta property=\"og:title\" content=\"Faire Chance f\u00fcr alle!\" \/>\n<meta property=\"og:description\" content=\"K\u00f6tter und K\u00f6nig mit gemeinsamer Aktion f\u00fcr \u201eDie Tafeln\u201c Friedberg Schulstartpakete f\u00fcr 32 Sch\u00fclerinnen und Sch\u00fcler gespendet Petra Himmel-Tr\u00f6ger von den Friedberger Tafeln konnte man die Freude im Gesicht ablesen, als sie die 32 Schulstartpakete auf der Friedberger Kaiserstra\u00dfe vor dem Gesch\u00e4ft \u201eK\u00f6nig Plus\u201c von Jens K\u00f6nig in Empfang nahm. \u201eVielen Dank an alle, die [&hellip;]\" \/>\n<meta property=\"og:url\" content=\"https:\/\/rouvenkoetter.de\/index.php\/2023\/07\/03\/faire-chance-fuer-alle\/\" \/>\n<meta property=\"og:site_name\" content=\"Rouven K\u00f6tter\" \/>\n<meta property=\"article:published_time\" content=\"2023-07-03T17:43:50+00:00\" \/>\n<meta property=\"article:modified_time\" content=\"2023-07-03T17:43:52+00:00\" \/>\n<meta property=\"og:image\" content=\"https:\/\/rouvenkoetter.de\/wp-content\/uploads\/2023\/07\/IMG_1915-1024x952.jpeg\" \/>\n\t<meta property=\"og:image:width\" content=\"1024\" \/>\n\t<meta property=\"og:image:height\" content=\"952\" \/>\n\t<meta property=\"og:image:type\" content=\"image\/jpeg\" \/>\n<meta name=\"author\" content=\"Rouven K\u00f6tter\" \/>\n<meta name=\"twitter:card\" content=\"summary_large_image\" \/>\n<meta name=\"twitter:label1\" content=\"Verfasst von\" \/>\n\t<meta name=\"twitter:data1\" content=\"Rouven K\u00f6tter\" \/>\n\t<meta name=\"twitter:label2\" content=\"Gesch\u00e4tzte Lesezeit\" \/>\n\t<meta name=\"twitter:data2\" content=\"2\u00a0Minuten\" \/>\n<script type=\"application\/ld+json\" class=\"yoast-schema-graph\">{\"@context\":\"https:\/\/schema.org\",\"@graph\":[{\"@type\":\"WebPage\",\"@id\":\"https:\/\/rouvenkoetter.de\/index.php\/2023\/07\/03\/faire-chance-fuer-alle\/\",\"url\":\"https:\/\/rouvenkoetter.de\/index.php\/2023\/07\/03\/faire-chance-fuer-alle\/\",\"name\":\"Faire Chance f\u00fcr alle! - Rouven K\u00f6tter\",\"isPartOf\":{\"@id\":\"https:\/\/rouvenkoetter.de\/#website\"},\"primaryImageOfPage\":{\"@id\":\"https:\/\/rouvenkoetter.de\/index.php\/2023\/07\/03\/faire-chance-fuer-alle\/#primaryimage\"},\"image\":{\"@id\":\"https:\/\/rouvenkoetter.de\/index.php\/2023\/07\/03\/faire-chance-fuer-alle\/#primaryimage\"},\"thumbnailUrl\":\"https:\/\/rouvenkoetter.de\/wp-content\/uploads\/2023\/07\/IMG_1915.jpeg\",\"datePublished\":\"2023-07-03T17:43:50+00:00\",\"dateModified\":\"2023-07-03T17:43:52+00:00\",\"author\":{\"@id\":\"https:\/\/rouvenkoetter.de\/#\/schema\/person\/d13789712861fd05be51c3e623e4175b\"},\"breadcrumb\":{\"@id\":\"https:\/\/rouvenkoetter.de\/index.php\/2023\/07\/03\/faire-chance-fuer-alle\/#breadcrumb\"},\"inLanguage\":\"de\",\"potentialAction\":[{\"@type\":\"ReadAction\",\"target\":[\"https:\/\/rouvenkoetter.de\/index.php\/2023\/07\/03\/faire-chance-fuer-alle\/\"]}]},{\"@type\":\"ImageObject\",\"inLanguage\":\"de\",\"@id\":\"https:\/\/rouvenkoetter.de\/index.php\/2023\/07\/03\/faire-chance-fuer-alle\/#primaryimage\",\"url\":\"https:\/\/rouvenkoetter.de\/wp-content\/uploads\/2023\/07\/IMG_1915.jpeg\",\"contentUrl\":\"https:\/\/rouvenkoetter.de\/wp-content\/uploads\/2023\/07\/IMG_1915.jpeg\",\"width\":1614,\"height\":1501},{\"@type\":\"BreadcrumbList\",\"@id\":\"https:\/\/rouvenkoetter.de\/index.php\/2023\/07\/03\/faire-chance-fuer-alle\/#breadcrumb\",\"itemListElement\":[{\"@type\":\"ListItem\",\"position\":1,\"name\":\"Startseite\",\"item\":\"https:\/\/rouvenkoetter.de\/\"},{\"@type\":\"ListItem\",\"position\":2,\"name\":\"Faire Chance f\u00fcr alle!\"}]},{\"@type\":\"WebSite\",\"@id\":\"https:\/\/rouvenkoetter.de\/#website\",\"url\":\"https:\/\/rouvenkoetter.de\/\",\"name\":\"Rouven K\u00f6tter\",\"description\":\"#HeimatMacher\",\"potentialAction\":[{\"@type\":\"SearchAction\",\"target\":{\"@type\":\"EntryPoint\",\"urlTemplate\":\"https:\/\/rouvenkoetter.de\/?s={search_term_string}\"},\"query-input\":{\"@type\":\"PropertyValueSpecification\",\"valueRequired\":true,\"valueName\":\"search_term_string\"}}],\"inLanguage\":\"de\"},{\"@type\":\"Person\",\"@id\":\"https:\/\/rouvenkoetter.de\/#\/schema\/person\/d13789712861fd05be51c3e623e4175b\",\"name\":\"Rouven K\u00f6tter\",\"url\":\"https:\/\/rouvenkoetter.de\/index.php\/author\/koetter\/\"}]}<\/script>\n<!-- \/ Yoast SEO Premium plugin. -->","yoast_head_json":{"title":"Faire Chance f\u00fcr alle! - Rouven K\u00f6tter","robots":{"index":"index","follow":"follow","max-snippet":"max-snippet:-1","max-image-preview":"max-image-preview:large","max-video-preview":"max-video-preview:-1"},"canonical":"https:\/\/rouvenkoetter.de\/index.php\/2023\/07\/03\/faire-chance-fuer-alle\/","og_locale":"de_DE","og_type":"article","og_title":"Faire Chance f\u00fcr alle!","og_description":"K\u00f6tter und K\u00f6nig mit gemeinsamer Aktion f\u00fcr \u201eDie Tafeln\u201c Friedberg Schulstartpakete f\u00fcr 32 Sch\u00fclerinnen und Sch\u00fcler gespendet Petra Himmel-Tr\u00f6ger von den Friedberger Tafeln konnte man die Freude im Gesicht ablesen, als sie die 32 Schulstartpakete auf der Friedberger Kaiserstra\u00dfe vor dem Gesch\u00e4ft \u201eK\u00f6nig Plus\u201c von Jens K\u00f6nig in Empfang nahm. \u201eVielen Dank an alle, die [&hellip;]","og_url":"https:\/\/rouvenkoetter.de\/index.php\/2023\/07\/03\/faire-chance-fuer-alle\/","og_site_name":"Rouven K\u00f6tter","article_published_time":"2023-07-03T17:43:50+00:00","article_modified_time":"2023-07-03T17:43:52+00:00","og_image":[{"width":1024,"height":952,"url":"https:\/\/rouvenkoetter.de\/wp-content\/uploads\/2023\/07\/IMG_1915-1024x952.jpeg","type":"image\/jpeg"}],"author":"Rouven K\u00f6tter","twitter_card":"summary_large_image","twitter_misc":{"Verfasst von":"Rouven K\u00f6tter","Gesch\u00e4tzte Lesezeit":"2\u00a0Minuten"},"schema":{"@context":"https:\/\/schema.org","@graph":[{"@type":"WebPage","@id":"https:\/\/rouvenkoetter.de\/index.php\/2023\/07\/03\/faire-chance-fuer-alle\/","url":"https:\/\/rouvenkoetter.de\/index.php\/2023\/07\/03\/faire-chance-fuer-alle\/","name":"Faire Chance f\u00fcr alle! - Rouven K\u00f6tter","isPartOf":{"@id":"https:\/\/rouvenkoetter.de\/#website"},"primaryImageOfPage":{"@id":"https:\/\/rouvenkoetter.de\/index.php\/2023\/07\/03\/faire-chance-fuer-alle\/#primaryimage"},"image":{"@id":"https:\/\/rouvenkoetter.de\/index.php\/2023\/07\/03\/faire-chance-fuer-alle\/#primaryimage"},"thumbnailUrl":"https:\/\/rouvenkoetter.de\/wp-content\/uploads\/2023\/07\/IMG_1915.jpeg","datePublished":"2023-07-03T17:43:50+00:00","dateModified":"2023-07-03T17:43:52+00:00","author":{"@id":"https:\/\/rouvenkoetter.de\/#\/schema\/person\/d13789712861fd05be51c3e623e4175b"},"breadcrumb":{"@id":"https:\/\/rouvenkoetter.de\/index.php\/2023\/07\/03\/faire-chance-fuer-alle\/#breadcrumb"},"inLanguage":"de","potentialAction":[{"@type":"ReadAction","target":["https:\/\/rouvenkoetter.de\/index.php\/2023\/07\/03\/faire-chance-fuer-alle\/"]}]},{"@type":"ImageObject","inLanguage":"de","@id":"https:\/\/rouvenkoetter.de\/index.php\/2023\/07\/03\/faire-chance-fuer-alle\/#primaryimage","url":"https:\/\/rouvenkoetter.de\/wp-content\/uploads\/2023\/07\/IMG_1915.jpeg","contentUrl":"https:\/\/rouvenkoetter.de\/wp-content\/uploads\/2023\/07\/IMG_1915.jpeg","width":1614,"height":1501},{"@type":"BreadcrumbList","@id":"https:\/\/rouvenkoetter.de\/index.php\/2023\/07\/03\/faire-chance-fuer-alle\/#breadcrumb","itemListElement":[{"@type":"ListItem","position":1,"name":"Startseite","item":"https:\/\/rouvenkoetter.de\/"},{"@type":"ListItem","position":2,"name":"Faire Chance f\u00fcr alle!"}]},{"@type":"WebSite","@id":"https:\/\/rouvenkoetter.de\/#website","url":"https:\/\/rouvenkoetter.de\/","name":"Rouven K\u00f6tter","description":"#HeimatMacher","potentialAction":[{"@type":"SearchAction","target":{"@type":"EntryPoint","urlTemplate":"https:\/\/rouvenkoetter.de\/?s={search_term_string}"},"query-input":{"@type":"PropertyValueSpecification","valueRequired":true,"valueName":"search_term_string"}}],"inLanguage":"de"},{"@type":"Person","@id":"https:\/\/rouvenkoetter.de\/#\/schema\/person\/d13789712861fd05be51c3e623e4175b","name":"Rouven K\u00f6tter","url":"https:\/\/rouvenkoetter.de\/index.php\/author\/koetter\/"}]}},"_links":{"self":[{"href":"https:\/\/rouvenkoetter.de\/index.php\/wp-json\/wp\/v2\/posts\/1030","targetHints":{"allow":["GET"]}}],"collection":[{"href":"https:\/\/rouvenkoetter.de\/index.php\/wp-json\/wp\/v2\/posts"}],"about":[{"href":"https:\/\/rouvenkoetter.de\/index.php\/wp-json\/wp\/v2\/types\/post"}],"author":[{"embeddable":true,"href":"https:\/\/rouvenkoetter.de\/index.php\/wp-json\/wp\/v2\/users\/2"}],"replies":[{"embeddable":true,"href":"https:\/\/rouvenkoetter.de\/index.php\/wp-json\/wp\/v2\/comments?post=1030"}],"version-history":[{"count":1,"href":"https:\/\/rouvenkoetter.de\/index.php\/wp-json\/wp\/v2\/posts\/1030\/revisions"}],"predecessor-version":[{"id":1032,"href":"https:\/\/rouvenkoetter.de\/index.php\/wp-json\/wp\/v2\/posts\/1030\/revisions\/1032"}],"wp:featuredmedia":[{"embeddable":true,"href":"https:\/\/rouvenkoetter.de\/index.php\/wp-json\/wp\/v2\/media\/1031"}],"wp:attachment":[{"href":"https:\/\/rouvenkoetter.de\/index.php\/wp-json\/wp\/v2\/media?parent=1030"}],"wp:term":[{"taxonomy":"category","embeddable":true,"href":"https:\/\/rouvenkoetter.de\/index.php\/wp-json\/wp\/v2\/categories?post=1030"},{"taxonomy":"post_tag","embeddable":true,"href":"https:\/\/rouvenkoetter.de\/index.php\/wp-json\/wp\/v2\/tags?post=1030"}],"curies":[{"name":"wp","href":"https:\/\/api.w.org\/{rel}","templated":true}]}}