{"id":1037,"date":"2023-07-12T07:54:50","date_gmt":"2023-07-12T05:54:50","guid":{"rendered":"https:\/\/rouvenkoetter.de\/?p=1037"},"modified":"2023-07-12T07:54:52","modified_gmt":"2023-07-12T05:54:52","slug":"klimaschutz-durch-waermeplanung","status":"publish","type":"post","link":"https:\/\/rouvenkoetter.de\/index.php\/2023\/07\/12\/klimaschutz-durch-waermeplanung\/","title":{"rendered":"Klimaschutz durch W\u00e4rmeplanung"},"content":{"rendered":"\n<p>Unger und K\u00f6tter: \u201eKreis muss Kommunen bei W\u00e4rmeplanung unterst\u00fctzen!\u201c<\/p>\n\n\n\n<p>F\u00f6rdergelder nur noch bis Ende des Jahres abrufbar<\/p>\n\n\n\n<p>Das hessische Energiegesetz verlangt k\u00fcnftig von vielen St\u00e4dten und Gemeinden eine kommunale W\u00e4rmeplanung. Ab November 2023 werden St\u00e4dte und Gemeinden ab 20.000 Einwohnern zu einer kommunalen W\u00e4rmeplanung verpflichtet. Aber die Diskussionen und Ank\u00fcndigungen lassen vermuten, dass auch kleinere Kommunen sich mittelfristig mit dem Thema auseinandersetzen m\u00fcssen. \u201eIch gehe fest davon aus, dass auch wir kleineren Kommunen noch zu einer entsprechenden W\u00e4rmeplanung verpflichtet werden. Wir werden daf\u00fcr aber Unterst\u00fctzung brauchen. Selbstverst\u00e4ndlich engagieren wir uns aus \u00dcberzeugung aktiv f\u00fcr den Klimaschutz. Es kann aber nicht sein, dass wir von \u00fcbergeordneten Stellen immer wieder neue Aufgaben bekommen und dann sehen k\u00f6nnen, wie wir damit zurecht kommen\u201c, stellt der Florst\u00e4dter B\u00fcrgermeister Herbert Unger klar. Dabei geht Florstadt durchaus mutig und verantwortungsbewusst voran: so wurden 2021 ambitionierte Klimaschutzziele f\u00fcr die Kommune beschlossen, einen Klimaschutzmanager hatte die Stadt lange bevor es allgemeiner Konsens wurde und auch aktuell befindet sich eine interfraktionell erarbeitete Vorlage auf dem Weg, um die n\u00e4chsten Schritte zu gehen. \u201eWir ziehen in Florstadt an einem Strang, insbesondere, wenn es um das wichtige Thema Klimaschutz geht.\u201c<\/p>\n\n\n\n<p>\u201eFlorstadt geht beim Thema Klimaschutz musterg\u00fcltig voran. Aber wir k\u00f6nnten mehr erreichen, wenn wir im gesamten Wetteraukreis koordiniert vorgehen w\u00fcrden\u201c, so Landratskandidat Rouven K\u00f6tter. Er fordert daher ein aktives Vorgehen des Wetteraukreises, anstatt abzuwarten und die Kommunen alleine zu lassen: \u201eBis Ende des Jahres gibt es f\u00fcr Kommunen unter 20.000 Einwohner hohe F\u00f6rdergelder. 90 bis 100 Prozent der Kosten f\u00fcr die W\u00e4rmeplanung k\u00f6nnen gef\u00f6rdert werden. Es w\u00e4re aber nicht zielf\u00fchrend, wenn nun jede Wetterauer Kommune alleine losmarschiert und t\u00e4tig wird. Dann ginge der Kampf um die wenigen, geeigneten Beratungsb\u00fcros los und jeder m\u00fcsste sich alleine um die komplizierte Beantragung k\u00fcmmern. Hier ist ein koordiniertes, gemeinsames Vorgehen gefragt\u201c, fordert K\u00f6tter. \u201eDer Klimawandel h\u00f6rt nicht an Kommunalgrenzen auf und deshalb darf auch der Kampf dagegen nicht am Ortsschild aufh\u00f6ren. Der Wetteraukreis sollte daher unverz\u00fcglich alle St\u00e4dte und Gemeinden einladen, um ein geb\u00fcndeltes Vorgehen abzustimmen. Eine kreisweite kommunale W\u00e4rmeplanung ist die richtige Antwort auf die aktuellen Herausforderungen. Aber es ist schnelles und entschiedenes Handeln gefragt, da die F\u00f6rdergelder nur begrenzt verf\u00fcgbar sind.\u201c Einen Kreistagsbeschluss ben\u00f6tigt die Kreisspitze zum Handeln nicht, ist sich K\u00f6tter sicher: \u201eDas Vernetzen und die koordinierte Zusammenarbeit mit den St\u00e4dten und Gemeinden ist eine Aufgabe, f\u00fcr die man keinen Parlamentsbeschluss ben\u00f6tigt. Impulse geben, unterst\u00fctzen und wichtige Projekte ansto\u00dfen \u2013 das geht auch ohne Arbeitsauftrag, wenn man es denn will.\u201c<\/p>\n\n\n\n<p>Herbert Unger begr\u00fc\u00dft den Vorsto\u00df von Rouven K\u00f6tter: \u201eSowohl die Landesregierung, als auch der Wetteraukreis betonen die Bedeutung und zeigen die Notwendigkeit auf, lassen uns Kommunen aber anschlie\u00dfend weitgehend im Regen stehen. Dabei funktioniert Klimaschutz nur, wenn wir ihn auf der unteren Ebene, in den St\u00e4dten und Gemeinden beherzt anpacken. Die Kreisspitze darf nicht auf Order vom Land warten, sondern sollte proaktiv an dieses wichtige Thema gehen und eine kreisweite kommunale W\u00e4rmeplanung f\u00fcr alle St\u00e4dte und Gemeinden ansto\u00dfen. Die Zeit dr\u00e4ngt.\u201c<\/p>\n","protected":false},"excerpt":{"rendered":"<p>Unger und K\u00f6tter: \u201eKreis muss Kommunen bei W\u00e4rmeplanung unterst\u00fctzen!\u201c F\u00f6rdergelder nur noch bis Ende des Jahres abrufbar Das hessische Energiegesetz verlangt k\u00fcnftig von vielen St\u00e4dten und Gemeinden eine kommunale W\u00e4rmeplanung. Ab November 2023 werden St\u00e4dte und Gemeinden ab 20.000 Einwohnern zu einer kommunalen W\u00e4rmeplanung verpflichtet. Aber die Diskussionen und Ank\u00fcndigungen lassen vermuten, dass auch kleinere [&hellip;]<\/p>\n","protected":false},"author":2,"featured_media":1038,"comment_status":"closed","ping_status":"closed","sticky":false,"template":"","format":"standard","meta":{"_et_pb_use_builder":"off","_et_pb_old_content":"","_et_gb_content_width":"","footnotes":""},"categories":[1],"tags":[],"class_list":["post-1037","post","type-post","status-publish","format-standard","has-post-thumbnail","hentry","category-allgemein"],"yoast_head":"<!-- This site is optimized with the Yoast SEO Premium plugin v20.4 (Yoast SEO v24.1) - https:\/\/yoast.com\/wordpress\/plugins\/seo\/ -->\n<title>Klimaschutz durch W\u00e4rmeplanung - Rouven K\u00f6tter<\/title>\n<meta name=\"robots\" content=\"index, follow, max-snippet:-1, max-image-preview:large, max-video-preview:-1\" \/>\n<link rel=\"canonical\" href=\"https:\/\/rouvenkoetter.de\/index.php\/2023\/07\/12\/klimaschutz-durch-waermeplanung\/\" \/>\n<meta property=\"og:locale\" content=\"de_DE\" \/>\n<meta property=\"og:type\" content=\"article\" \/>\n<meta property=\"og:title\" content=\"Klimaschutz durch W\u00e4rmeplanung\" \/>\n<meta property=\"og:description\" content=\"Unger und K\u00f6tter: \u201eKreis muss Kommunen bei W\u00e4rmeplanung unterst\u00fctzen!\u201c F\u00f6rdergelder nur noch bis Ende des Jahres abrufbar Das hessische Energiegesetz verlangt k\u00fcnftig von vielen St\u00e4dten und Gemeinden eine kommunale W\u00e4rmeplanung. Ab November 2023 werden St\u00e4dte und Gemeinden ab 20.000 Einwohnern zu einer kommunalen W\u00e4rmeplanung verpflichtet. Aber die Diskussionen und Ank\u00fcndigungen lassen vermuten, dass auch kleinere [&hellip;]\" \/>\n<meta property=\"og:url\" content=\"https:\/\/rouvenkoetter.de\/index.php\/2023\/07\/12\/klimaschutz-durch-waermeplanung\/\" \/>\n<meta property=\"og:site_name\" content=\"Rouven K\u00f6tter\" \/>\n<meta property=\"article:published_time\" content=\"2023-07-12T05:54:50+00:00\" \/>\n<meta property=\"article:modified_time\" content=\"2023-07-12T05:54:52+00:00\" \/>\n<meta property=\"og:image\" content=\"https:\/\/rouvenkoetter.de\/wp-content\/uploads\/2023\/07\/IMG_1961-1024x1019.jpeg\" \/>\n\t<meta property=\"og:image:width\" content=\"1024\" \/>\n\t<meta property=\"og:image:height\" content=\"1019\" \/>\n\t<meta property=\"og:image:type\" content=\"image\/jpeg\" \/>\n<meta name=\"author\" content=\"Rouven K\u00f6tter\" \/>\n<meta name=\"twitter:card\" content=\"summary_large_image\" \/>\n<meta name=\"twitter:label1\" content=\"Verfasst von\" \/>\n\t<meta name=\"twitter:data1\" content=\"Rouven K\u00f6tter\" \/>\n\t<meta name=\"twitter:label2\" content=\"Gesch\u00e4tzte Lesezeit\" \/>\n\t<meta name=\"twitter:data2\" content=\"3\u00a0Minuten\" \/>\n<script type=\"application\/ld+json\" class=\"yoast-schema-graph\">{\"@context\":\"https:\/\/schema.org\",\"@graph\":[{\"@type\":\"WebPage\",\"@id\":\"https:\/\/rouvenkoetter.de\/index.php\/2023\/07\/12\/klimaschutz-durch-waermeplanung\/\",\"url\":\"https:\/\/rouvenkoetter.de\/index.php\/2023\/07\/12\/klimaschutz-durch-waermeplanung\/\",\"name\":\"Klimaschutz durch W\u00e4rmeplanung - Rouven K\u00f6tter\",\"isPartOf\":{\"@id\":\"https:\/\/rouvenkoetter.de\/#website\"},\"primaryImageOfPage\":{\"@id\":\"https:\/\/rouvenkoetter.de\/index.php\/2023\/07\/12\/klimaschutz-durch-waermeplanung\/#primaryimage\"},\"image\":{\"@id\":\"https:\/\/rouvenkoetter.de\/index.php\/2023\/07\/12\/klimaschutz-durch-waermeplanung\/#primaryimage\"},\"thumbnailUrl\":\"https:\/\/rouvenkoetter.de\/wp-content\/uploads\/2023\/07\/IMG_1961.jpeg\",\"datePublished\":\"2023-07-12T05:54:50+00:00\",\"dateModified\":\"2023-07-12T05:54:52+00:00\",\"author\":{\"@id\":\"https:\/\/rouvenkoetter.de\/#\/schema\/person\/d13789712861fd05be51c3e623e4175b\"},\"breadcrumb\":{\"@id\":\"https:\/\/rouvenkoetter.de\/index.php\/2023\/07\/12\/klimaschutz-durch-waermeplanung\/#breadcrumb\"},\"inLanguage\":\"de\",\"potentialAction\":[{\"@type\":\"ReadAction\",\"target\":[\"https:\/\/rouvenkoetter.de\/index.php\/2023\/07\/12\/klimaschutz-durch-waermeplanung\/\"]}]},{\"@type\":\"ImageObject\",\"inLanguage\":\"de\",\"@id\":\"https:\/\/rouvenkoetter.de\/index.php\/2023\/07\/12\/klimaschutz-durch-waermeplanung\/#primaryimage\",\"url\":\"https:\/\/rouvenkoetter.de\/wp-content\/uploads\/2023\/07\/IMG_1961.jpeg\",\"contentUrl\":\"https:\/\/rouvenkoetter.de\/wp-content\/uploads\/2023\/07\/IMG_1961.jpeg\",\"width\":1513,\"height\":1506},{\"@type\":\"BreadcrumbList\",\"@id\":\"https:\/\/rouvenkoetter.de\/index.php\/2023\/07\/12\/klimaschutz-durch-waermeplanung\/#breadcrumb\",\"itemListElement\":[{\"@type\":\"ListItem\",\"position\":1,\"name\":\"Startseite\",\"item\":\"https:\/\/rouvenkoetter.de\/\"},{\"@type\":\"ListItem\",\"position\":2,\"name\":\"Klimaschutz durch W\u00e4rmeplanung\"}]},{\"@type\":\"WebSite\",\"@id\":\"https:\/\/rouvenkoetter.de\/#website\",\"url\":\"https:\/\/rouvenkoetter.de\/\",\"name\":\"Rouven K\u00f6tter\",\"description\":\"#HeimatMacher\",\"potentialAction\":[{\"@type\":\"SearchAction\",\"target\":{\"@type\":\"EntryPoint\",\"urlTemplate\":\"https:\/\/rouvenkoetter.de\/?s={search_term_string}\"},\"query-input\":{\"@type\":\"PropertyValueSpecification\",\"valueRequired\":true,\"valueName\":\"search_term_string\"}}],\"inLanguage\":\"de\"},{\"@type\":\"Person\",\"@id\":\"https:\/\/rouvenkoetter.de\/#\/schema\/person\/d13789712861fd05be51c3e623e4175b\",\"name\":\"Rouven K\u00f6tter\",\"url\":\"https:\/\/rouvenkoetter.de\/index.php\/author\/koetter\/\"}]}<\/script>\n<!-- \/ Yoast SEO Premium plugin. -->","yoast_head_json":{"title":"Klimaschutz durch W\u00e4rmeplanung - Rouven K\u00f6tter","robots":{"index":"index","follow":"follow","max-snippet":"max-snippet:-1","max-image-preview":"max-image-preview:large","max-video-preview":"max-video-preview:-1"},"canonical":"https:\/\/rouvenkoetter.de\/index.php\/2023\/07\/12\/klimaschutz-durch-waermeplanung\/","og_locale":"de_DE","og_type":"article","og_title":"Klimaschutz durch W\u00e4rmeplanung","og_description":"Unger und K\u00f6tter: \u201eKreis muss Kommunen bei W\u00e4rmeplanung unterst\u00fctzen!\u201c F\u00f6rdergelder nur noch bis Ende des Jahres abrufbar Das hessische Energiegesetz verlangt k\u00fcnftig von vielen St\u00e4dten und Gemeinden eine kommunale W\u00e4rmeplanung. Ab November 2023 werden St\u00e4dte und Gemeinden ab 20.000 Einwohnern zu einer kommunalen W\u00e4rmeplanung verpflichtet. Aber die Diskussionen und Ank\u00fcndigungen lassen vermuten, dass auch kleinere [&hellip;]","og_url":"https:\/\/rouvenkoetter.de\/index.php\/2023\/07\/12\/klimaschutz-durch-waermeplanung\/","og_site_name":"Rouven K\u00f6tter","article_published_time":"2023-07-12T05:54:50+00:00","article_modified_time":"2023-07-12T05:54:52+00:00","og_image":[{"width":1024,"height":1019,"url":"https:\/\/rouvenkoetter.de\/wp-content\/uploads\/2023\/07\/IMG_1961-1024x1019.jpeg","type":"image\/jpeg"}],"author":"Rouven K\u00f6tter","twitter_card":"summary_large_image","twitter_misc":{"Verfasst von":"Rouven K\u00f6tter","Gesch\u00e4tzte Lesezeit":"3\u00a0Minuten"},"schema":{"@context":"https:\/\/schema.org","@graph":[{"@type":"WebPage","@id":"https:\/\/rouvenkoetter.de\/index.php\/2023\/07\/12\/klimaschutz-durch-waermeplanung\/","url":"https:\/\/rouvenkoetter.de\/index.php\/2023\/07\/12\/klimaschutz-durch-waermeplanung\/","name":"Klimaschutz durch W\u00e4rmeplanung - Rouven K\u00f6tter","isPartOf":{"@id":"https:\/\/rouvenkoetter.de\/#website"},"primaryImageOfPage":{"@id":"https:\/\/rouvenkoetter.de\/index.php\/2023\/07\/12\/klimaschutz-durch-waermeplanung\/#primaryimage"},"image":{"@id":"https:\/\/rouvenkoetter.de\/index.php\/2023\/07\/12\/klimaschutz-durch-waermeplanung\/#primaryimage"},"thumbnailUrl":"https:\/\/rouvenkoetter.de\/wp-content\/uploads\/2023\/07\/IMG_1961.jpeg","datePublished":"2023-07-12T05:54:50+00:00","dateModified":"2023-07-12T05:54:52+00:00","author":{"@id":"https:\/\/rouvenkoetter.de\/#\/schema\/person\/d13789712861fd05be51c3e623e4175b"},"breadcrumb":{"@id":"https:\/\/rouvenkoetter.de\/index.php\/2023\/07\/12\/klimaschutz-durch-waermeplanung\/#breadcrumb"},"inLanguage":"de","potentialAction":[{"@type":"ReadAction","target":["https:\/\/rouvenkoetter.de\/index.php\/2023\/07\/12\/klimaschutz-durch-waermeplanung\/"]}]},{"@type":"ImageObject","inLanguage":"de","@id":"https:\/\/rouvenkoetter.de\/index.php\/2023\/07\/12\/klimaschutz-durch-waermeplanung\/#primaryimage","url":"https:\/\/rouvenkoetter.de\/wp-content\/uploads\/2023\/07\/IMG_1961.jpeg","contentUrl":"https:\/\/rouvenkoetter.de\/wp-content\/uploads\/2023\/07\/IMG_1961.jpeg","width":1513,"height":1506},{"@type":"BreadcrumbList","@id":"https:\/\/rouvenkoetter.de\/index.php\/2023\/07\/12\/klimaschutz-durch-waermeplanung\/#breadcrumb","itemListElement":[{"@type":"ListItem","position":1,"name":"Startseite","item":"https:\/\/rouvenkoetter.de\/"},{"@type":"ListItem","position":2,"name":"Klimaschutz durch W\u00e4rmeplanung"}]},{"@type":"WebSite","@id":"https:\/\/rouvenkoetter.de\/#website","url":"https:\/\/rouvenkoetter.de\/","name":"Rouven K\u00f6tter","description":"#HeimatMacher","potentialAction":[{"@type":"SearchAction","target":{"@type":"EntryPoint","urlTemplate":"https:\/\/rouvenkoetter.de\/?s={search_term_string}"},"query-input":{"@type":"PropertyValueSpecification","valueRequired":true,"valueName":"search_term_string"}}],"inLanguage":"de"},{"@type":"Person","@id":"https:\/\/rouvenkoetter.de\/#\/schema\/person\/d13789712861fd05be51c3e623e4175b","name":"Rouven K\u00f6tter","url":"https:\/\/rouvenkoetter.de\/index.php\/author\/koetter\/"}]}},"_links":{"self":[{"href":"https:\/\/rouvenkoetter.de\/index.php\/wp-json\/wp\/v2\/posts\/1037","targetHints":{"allow":["GET"]}}],"collection":[{"href":"https:\/\/rouvenkoetter.de\/index.php\/wp-json\/wp\/v2\/posts"}],"about":[{"href":"https:\/\/rouvenkoetter.de\/index.php\/wp-json\/wp\/v2\/types\/post"}],"author":[{"embeddable":true,"href":"https:\/\/rouvenkoetter.de\/index.php\/wp-json\/wp\/v2\/users\/2"}],"replies":[{"embeddable":true,"href":"https:\/\/rouvenkoetter.de\/index.php\/wp-json\/wp\/v2\/comments?post=1037"}],"version-history":[{"count":1,"href":"https:\/\/rouvenkoetter.de\/index.php\/wp-json\/wp\/v2\/posts\/1037\/revisions"}],"predecessor-version":[{"id":1039,"href":"https:\/\/rouvenkoetter.de\/index.php\/wp-json\/wp\/v2\/posts\/1037\/revisions\/1039"}],"wp:featuredmedia":[{"embeddable":true,"href":"https:\/\/rouvenkoetter.de\/index.php\/wp-json\/wp\/v2\/media\/1038"}],"wp:attachment":[{"href":"https:\/\/rouvenkoetter.de\/index.php\/wp-json\/wp\/v2\/media?parent=1037"}],"wp:term":[{"taxonomy":"category","embeddable":true,"href":"https:\/\/rouvenkoetter.de\/index.php\/wp-json\/wp\/v2\/categories?post=1037"},{"taxonomy":"post_tag","embeddable":true,"href":"https:\/\/rouvenkoetter.de\/index.php\/wp-json\/wp\/v2\/tags?post=1037"}],"curies":[{"name":"wp","href":"https:\/\/api.w.org\/{rel}","templated":true}]}}