{"id":1051,"date":"2023-08-08T15:32:49","date_gmt":"2023-08-08T13:32:49","guid":{"rendered":"https:\/\/rouvenkoetter.de\/?p=1051"},"modified":"2023-08-08T15:32:51","modified_gmt":"2023-08-08T13:32:51","slug":"klima-energie-und-nachhaltigkeit","status":"publish","type":"post","link":"https:\/\/rouvenkoetter.de\/index.php\/2023\/08\/08\/klima-energie-und-nachhaltigkeit\/","title":{"rendered":"Klima, Energie und Nachhaltigkeit"},"content":{"rendered":"\n<p>Was macht der K\u00f6tter eigentlich im Hauptberuf? <\/p>\n\n\n\n<p>Da mich die meisten im Wetteraukreis aktuell in erster Linie als Landratskandidat wahrnehmen, berichte ich in einer kleinen Serie \u00fcber meine Arbeit als Erster Beigeordneter beim Regionalverband FrankfurtRheinMain.\u00a0<\/p>\n\n\n\n<p>Heute geht es um meine Abteilung f\u00fcr Klima, Energie und Nachhaltigkeit. Als Dienstleister unserer 80 Mitgliedskommunen unterst\u00fctze ich mit meinem Team in diesem Bereich bei allen Fragen rund um Klimaschutzkonzepte, nachhaltige Planung, konkrete F\u00f6rderungen, Vernetzung und vieles mehr.<\/p>\n\n\n\n<p>Konkrete Beispiele:<\/p>\n\n\n\n<p>\u00d6koProfit<\/p>\n\n\n\n<p>Bei diesem Projekt, das wir gemeinsam mit dem Umweltb\u00fcro der Stadt Frankfurt umsetzen, bieten wir unseren Mitgliedskommunen an, Liegenschaften \u00f6kologisch und energetisch von Profis beleuchten zu lassen. Ziel: Energie und Geld sparen. Hierzu gibt es auch einen kleinen Film, den Ihr Euch hier ansehen k\u00f6nnt:<\/p>\n\n\n\n<p><a href=\"https:\/\/youtu.be\/3OR_lwOoTnk\" target=\"_blank\" rel=\"noreferrer noopener\">https:\/\/youtu.be\/3OR_lwOoTnk<\/a><\/p>\n\n\n\n<p>Klima-Energie-Portal<\/p>\n\n\n\n<p>Hier bieten wir unseren Kommunen aber auch allen interessierten B\u00fcrgerinnen und B\u00fcrgern informatives Wissen rund um das wichtige Thema geb\u00fcndelt, verst\u00e4ndlich und ganz konkret f\u00fcr den jeweiligen Ort. Hier gibt es auch sehr gutes Kartenmaterial, das online genutzt werden kann. Zum Beispiel auch unsere:<\/p>\n\n\n\n<p>Kulturhistorischen Landschaftselemente<\/p>\n\n\n\n<p>Diese erfassen wir in einem speziellen Kataster. Das sind Landschaften, die von Menschenhand geformt und ver\u00e4ndert wurden (= Kulturlandschaft), die nicht denkmalschutzrechtlich gesch\u00fctzt ist, die wir aber als beachtens- und sch\u00fctzenswert ansehen. Seht ruhig mal rein &#8211; da findet Ihr ganz sicher auch f\u00fcr Euren Wohnort noch Sch\u00e4tze, die Euch bislang noch nicht bekannt waren.<\/p>\n\n\n\n<p>Wie l\u00e4uft so was? Hier ein Video am Beispiel Glauburg:<\/p>\n\n\n\n<p><a href=\"https:\/\/youtu.be\/xsr4jba_BQw\">https:\/\/<\/a><a href=\"https:\/\/youtu.be\/xsr4jba_BQw\" target=\"_blank\" rel=\"noreferrer noopener\">youtu<\/a><a href=\"https:\/\/youtu.be\/xsr4jba_BQw\">.be\/xsr4jba_BQw<\/a><\/p>\n\n\n\n<p>Bau- und Planungsamtsleitertreffen<\/p>\n\n\n\n<p>Bei dieser anerkannten Fortbildungsveranstaltung vernetzen wir die Bau- und Planungsamtsleiter miteinander und sorgen mit interessanten Fachvortr\u00e4gen daf\u00fcr, dass die neusten Entwicklungen rund um nachhaltiges Planen und Bauen in die Kommunen vermittelt werden.<\/p>\n\n\n\n<p>RheinMainFair<\/p>\n\n\n\n<p>Unsere Region ist eine faire Metropolregion. Das verdanken wir dem Verein RheinMainFair, in welchem wir als Regionalverband gerne und aus \u00dcberzeugung mitwirken!&nbsp;<\/p>\n\n\n\n<figure class=\"wp-block-embed is-type-wp-embed is-provider-einbetten wp-block-embed-einbetten\"><div class=\"wp-block-embed__wrapper\">\n<blockquote class=\"wp-embedded-content\" data-secret=\"i7WgPo55SS\"><a href=\"https:\/\/www.rheinmainfair.org\/\">Startseite &#8211; Rhein.Main.Fair<\/a><\/blockquote><iframe loading=\"lazy\" class=\"wp-embedded-content\" sandbox=\"allow-scripts\" security=\"restricted\" style=\"position: absolute; clip: rect(1px, 1px, 1px, 1px);\" title=\"&#8222;Startseite &#8211; Rhein.Main.Fair&#8220; &#8212; \" src=\"https:\/\/www.rheinmainfair.org\/embed\/#?secret=9fGwh1KMbc#?secret=i7WgPo55SS\" data-secret=\"i7WgPo55SS\" width=\"600\" height=\"338\" frameborder=\"0\" marginwidth=\"0\" marginheight=\"0\" scrolling=\"no\"><\/iframe>\n<\/div><\/figure>\n\n\n\n<p>Klima erleben<\/p>\n\n\n\n<p>\u2026ist ein Projekt, bei dem wir anhand von konkreten Beispielen aufzeigen wollen, wie Klimaschutz funktioniert. Im Wetteraukreis findet sich eine Station des Projekts am Rundweg um den W\u00f6lfersheimer See. Seht es Euch gern mal an.<\/p>\n\n\n\n<p>Zusammenarbeit mit anderen Insitutionen<\/p>\n\n\n\n<p>Wir arbeiten mit unz\u00e4hligen Partnerorganisationen zusammen, um unser gemeinsames Ziel zu erreichen: Klimaschutz vor Ort! Beispielsweise ist auch der Regionalpark ein wichtiger Partner f\u00fcr uns. Mit ihm haben wir k\u00fcrzlich die Klimaroute entlang des Mains erweitert. Hier das passende Video dazu:<\/p>\n\n\n\n<p><a href=\"https:\/\/youtu.be\/-ZmZeEm-XXs\" target=\"_blank\" rel=\"noreferrer noopener\">https:\/\/youtu.be\/-ZmZeEm-XXs<\/a><\/p>\n\n\n\n<p>Streuobst<\/p>\n\n\n\n<p>Auch der Bereich \u201eStreuobst\u201c wird von der Abteilung Klima, Energie und Nachhaltigkeit bearbeitet. Dieses Thema werde ich aber in einer gesonderten Folge aufgreifen.<\/p>\n\n\n\n<p>Ich hoffe, der kleine Einblick (nur ein kleiner Ausschnitt\u2026) hat Euch gefallen und Ihr habt damit eine etwas bessere Vorstellung davon, was ich im Hauptberuf f\u00fcr unsere Region arbeite.<\/p>\n\n\n\n<p>Gl\u00fcck auf &amp; beste Gr\u00fc\u00dfe<\/p>\n\n\n\n<p>Euer Rouven<\/p>\n\n\n\n<p>Hier die bereits erschienenen Folgen:<\/p>\n\n\n\n<p>1 &#8211; Allgemein<\/p>\n\n\n\n<p>2 &#8211; unser Mann in Br\u00fcssel<\/p>\n\n\n\n<p>Weiterf\u00fchrende Links:<\/p>\n\n\n\n<p>www.Region-Frankfurt.de<\/p>\n\n\n\n<p>www.Klimaenergie-FRM.de<\/p>\n","protected":false},"excerpt":{"rendered":"<p>Was macht der K\u00f6tter eigentlich im Hauptberuf? Da mich die meisten im Wetteraukreis aktuell in erster Linie als Landratskandidat wahrnehmen, berichte ich in einer kleinen Serie \u00fcber meine Arbeit als Erster Beigeordneter beim Regionalverband FrankfurtRheinMain.\u00a0 Heute geht es um meine Abteilung f\u00fcr Klima, Energie und Nachhaltigkeit. Als Dienstleister unserer 80 Mitgliedskommunen unterst\u00fctze ich mit meinem [&hellip;]<\/p>\n","protected":false},"author":2,"featured_media":1052,"comment_status":"closed","ping_status":"closed","sticky":false,"template":"","format":"standard","meta":{"_et_pb_use_builder":"off","_et_pb_old_content":"","_et_gb_content_width":"","footnotes":""},"categories":[1],"tags":[],"class_list":["post-1051","post","type-post","status-publish","format-standard","has-post-thumbnail","hentry","category-allgemein"],"yoast_head":"<!-- This site is optimized with the Yoast SEO Premium plugin v20.4 (Yoast SEO v24.1) - https:\/\/yoast.com\/wordpress\/plugins\/seo\/ -->\n<title>Klima, Energie und Nachhaltigkeit - Rouven K\u00f6tter<\/title>\n<meta name=\"robots\" content=\"index, follow, max-snippet:-1, max-image-preview:large, max-video-preview:-1\" \/>\n<link rel=\"canonical\" href=\"https:\/\/rouvenkoetter.de\/index.php\/2023\/08\/08\/klima-energie-und-nachhaltigkeit\/\" \/>\n<meta property=\"og:locale\" content=\"de_DE\" \/>\n<meta property=\"og:type\" content=\"article\" \/>\n<meta property=\"og:title\" content=\"Klima, Energie und Nachhaltigkeit\" \/>\n<meta property=\"og:description\" content=\"Was macht der K\u00f6tter eigentlich im Hauptberuf? Da mich die meisten im Wetteraukreis aktuell in erster Linie als Landratskandidat wahrnehmen, berichte ich in einer kleinen Serie \u00fcber meine Arbeit als Erster Beigeordneter beim Regionalverband FrankfurtRheinMain.\u00a0 Heute geht es um meine Abteilung f\u00fcr Klima, Energie und Nachhaltigkeit. Als Dienstleister unserer 80 Mitgliedskommunen unterst\u00fctze ich mit meinem [&hellip;]\" \/>\n<meta property=\"og:url\" content=\"https:\/\/rouvenkoetter.de\/index.php\/2023\/08\/08\/klima-energie-und-nachhaltigkeit\/\" \/>\n<meta property=\"og:site_name\" content=\"Rouven K\u00f6tter\" \/>\n<meta property=\"article:published_time\" content=\"2023-08-08T13:32:49+00:00\" \/>\n<meta property=\"article:modified_time\" content=\"2023-08-08T13:32:51+00:00\" \/>\n<meta property=\"og:image\" content=\"https:\/\/rouvenkoetter.de\/wp-content\/uploads\/2023\/08\/IMG_2069.jpeg\" \/>\n\t<meta property=\"og:image:width\" content=\"1493\" \/>\n\t<meta property=\"og:image:height\" content=\"1497\" \/>\n\t<meta property=\"og:image:type\" content=\"image\/jpeg\" \/>\n<meta name=\"author\" content=\"Rouven K\u00f6tter\" \/>\n<meta name=\"twitter:card\" content=\"summary_large_image\" \/>\n<meta name=\"twitter:label1\" content=\"Verfasst von\" \/>\n\t<meta name=\"twitter:data1\" content=\"Rouven K\u00f6tter\" \/>\n\t<meta name=\"twitter:label2\" content=\"Gesch\u00e4tzte Lesezeit\" \/>\n\t<meta name=\"twitter:data2\" content=\"3\u00a0Minuten\" \/>\n<script type=\"application\/ld+json\" class=\"yoast-schema-graph\">{\"@context\":\"https:\/\/schema.org\",\"@graph\":[{\"@type\":\"WebPage\",\"@id\":\"https:\/\/rouvenkoetter.de\/index.php\/2023\/08\/08\/klima-energie-und-nachhaltigkeit\/\",\"url\":\"https:\/\/rouvenkoetter.de\/index.php\/2023\/08\/08\/klima-energie-und-nachhaltigkeit\/\",\"name\":\"Klima, Energie und Nachhaltigkeit - Rouven K\u00f6tter\",\"isPartOf\":{\"@id\":\"https:\/\/rouvenkoetter.de\/#website\"},\"primaryImageOfPage\":{\"@id\":\"https:\/\/rouvenkoetter.de\/index.php\/2023\/08\/08\/klima-energie-und-nachhaltigkeit\/#primaryimage\"},\"image\":{\"@id\":\"https:\/\/rouvenkoetter.de\/index.php\/2023\/08\/08\/klima-energie-und-nachhaltigkeit\/#primaryimage\"},\"thumbnailUrl\":\"https:\/\/rouvenkoetter.de\/wp-content\/uploads\/2023\/08\/IMG_2069.jpeg\",\"datePublished\":\"2023-08-08T13:32:49+00:00\",\"dateModified\":\"2023-08-08T13:32:51+00:00\",\"author\":{\"@id\":\"https:\/\/rouvenkoetter.de\/#\/schema\/person\/d13789712861fd05be51c3e623e4175b\"},\"breadcrumb\":{\"@id\":\"https:\/\/rouvenkoetter.de\/index.php\/2023\/08\/08\/klima-energie-und-nachhaltigkeit\/#breadcrumb\"},\"inLanguage\":\"de\",\"potentialAction\":[{\"@type\":\"ReadAction\",\"target\":[\"https:\/\/rouvenkoetter.de\/index.php\/2023\/08\/08\/klima-energie-und-nachhaltigkeit\/\"]}]},{\"@type\":\"ImageObject\",\"inLanguage\":\"de\",\"@id\":\"https:\/\/rouvenkoetter.de\/index.php\/2023\/08\/08\/klima-energie-und-nachhaltigkeit\/#primaryimage\",\"url\":\"https:\/\/rouvenkoetter.de\/wp-content\/uploads\/2023\/08\/IMG_2069.jpeg\",\"contentUrl\":\"https:\/\/rouvenkoetter.de\/wp-content\/uploads\/2023\/08\/IMG_2069.jpeg\",\"width\":1493,\"height\":1497},{\"@type\":\"BreadcrumbList\",\"@id\":\"https:\/\/rouvenkoetter.de\/index.php\/2023\/08\/08\/klima-energie-und-nachhaltigkeit\/#breadcrumb\",\"itemListElement\":[{\"@type\":\"ListItem\",\"position\":1,\"name\":\"Startseite\",\"item\":\"https:\/\/rouvenkoetter.de\/\"},{\"@type\":\"ListItem\",\"position\":2,\"name\":\"Klima, Energie und Nachhaltigkeit\"}]},{\"@type\":\"WebSite\",\"@id\":\"https:\/\/rouvenkoetter.de\/#website\",\"url\":\"https:\/\/rouvenkoetter.de\/\",\"name\":\"Rouven K\u00f6tter\",\"description\":\"#HeimatMacher\",\"potentialAction\":[{\"@type\":\"SearchAction\",\"target\":{\"@type\":\"EntryPoint\",\"urlTemplate\":\"https:\/\/rouvenkoetter.de\/?s={search_term_string}\"},\"query-input\":{\"@type\":\"PropertyValueSpecification\",\"valueRequired\":true,\"valueName\":\"search_term_string\"}}],\"inLanguage\":\"de\"},{\"@type\":\"Person\",\"@id\":\"https:\/\/rouvenkoetter.de\/#\/schema\/person\/d13789712861fd05be51c3e623e4175b\",\"name\":\"Rouven K\u00f6tter\",\"url\":\"https:\/\/rouvenkoetter.de\/index.php\/author\/koetter\/\"}]}<\/script>\n<!-- \/ Yoast SEO Premium plugin. -->","yoast_head_json":{"title":"Klima, Energie und Nachhaltigkeit - Rouven K\u00f6tter","robots":{"index":"index","follow":"follow","max-snippet":"max-snippet:-1","max-image-preview":"max-image-preview:large","max-video-preview":"max-video-preview:-1"},"canonical":"https:\/\/rouvenkoetter.de\/index.php\/2023\/08\/08\/klima-energie-und-nachhaltigkeit\/","og_locale":"de_DE","og_type":"article","og_title":"Klima, Energie und Nachhaltigkeit","og_description":"Was macht der K\u00f6tter eigentlich im Hauptberuf? Da mich die meisten im Wetteraukreis aktuell in erster Linie als Landratskandidat wahrnehmen, berichte ich in einer kleinen Serie \u00fcber meine Arbeit als Erster Beigeordneter beim Regionalverband FrankfurtRheinMain.\u00a0 Heute geht es um meine Abteilung f\u00fcr Klima, Energie und Nachhaltigkeit. Als Dienstleister unserer 80 Mitgliedskommunen unterst\u00fctze ich mit meinem [&hellip;]","og_url":"https:\/\/rouvenkoetter.de\/index.php\/2023\/08\/08\/klima-energie-und-nachhaltigkeit\/","og_site_name":"Rouven K\u00f6tter","article_published_time":"2023-08-08T13:32:49+00:00","article_modified_time":"2023-08-08T13:32:51+00:00","og_image":[{"width":1493,"height":1497,"url":"https:\/\/rouvenkoetter.de\/wp-content\/uploads\/2023\/08\/IMG_2069.jpeg","type":"image\/jpeg"}],"author":"Rouven K\u00f6tter","twitter_card":"summary_large_image","twitter_misc":{"Verfasst von":"Rouven K\u00f6tter","Gesch\u00e4tzte Lesezeit":"3\u00a0Minuten"},"schema":{"@context":"https:\/\/schema.org","@graph":[{"@type":"WebPage","@id":"https:\/\/rouvenkoetter.de\/index.php\/2023\/08\/08\/klima-energie-und-nachhaltigkeit\/","url":"https:\/\/rouvenkoetter.de\/index.php\/2023\/08\/08\/klima-energie-und-nachhaltigkeit\/","name":"Klima, Energie und Nachhaltigkeit - Rouven K\u00f6tter","isPartOf":{"@id":"https:\/\/rouvenkoetter.de\/#website"},"primaryImageOfPage":{"@id":"https:\/\/rouvenkoetter.de\/index.php\/2023\/08\/08\/klima-energie-und-nachhaltigkeit\/#primaryimage"},"image":{"@id":"https:\/\/rouvenkoetter.de\/index.php\/2023\/08\/08\/klima-energie-und-nachhaltigkeit\/#primaryimage"},"thumbnailUrl":"https:\/\/rouvenkoetter.de\/wp-content\/uploads\/2023\/08\/IMG_2069.jpeg","datePublished":"2023-08-08T13:32:49+00:00","dateModified":"2023-08-08T13:32:51+00:00","author":{"@id":"https:\/\/rouvenkoetter.de\/#\/schema\/person\/d13789712861fd05be51c3e623e4175b"},"breadcrumb":{"@id":"https:\/\/rouvenkoetter.de\/index.php\/2023\/08\/08\/klima-energie-und-nachhaltigkeit\/#breadcrumb"},"inLanguage":"de","potentialAction":[{"@type":"ReadAction","target":["https:\/\/rouvenkoetter.de\/index.php\/2023\/08\/08\/klima-energie-und-nachhaltigkeit\/"]}]},{"@type":"ImageObject","inLanguage":"de","@id":"https:\/\/rouvenkoetter.de\/index.php\/2023\/08\/08\/klima-energie-und-nachhaltigkeit\/#primaryimage","url":"https:\/\/rouvenkoetter.de\/wp-content\/uploads\/2023\/08\/IMG_2069.jpeg","contentUrl":"https:\/\/rouvenkoetter.de\/wp-content\/uploads\/2023\/08\/IMG_2069.jpeg","width":1493,"height":1497},{"@type":"BreadcrumbList","@id":"https:\/\/rouvenkoetter.de\/index.php\/2023\/08\/08\/klima-energie-und-nachhaltigkeit\/#breadcrumb","itemListElement":[{"@type":"ListItem","position":1,"name":"Startseite","item":"https:\/\/rouvenkoetter.de\/"},{"@type":"ListItem","position":2,"name":"Klima, Energie und Nachhaltigkeit"}]},{"@type":"WebSite","@id":"https:\/\/rouvenkoetter.de\/#website","url":"https:\/\/rouvenkoetter.de\/","name":"Rouven K\u00f6tter","description":"#HeimatMacher","potentialAction":[{"@type":"SearchAction","target":{"@type":"EntryPoint","urlTemplate":"https:\/\/rouvenkoetter.de\/?s={search_term_string}"},"query-input":{"@type":"PropertyValueSpecification","valueRequired":true,"valueName":"search_term_string"}}],"inLanguage":"de"},{"@type":"Person","@id":"https:\/\/rouvenkoetter.de\/#\/schema\/person\/d13789712861fd05be51c3e623e4175b","name":"Rouven K\u00f6tter","url":"https:\/\/rouvenkoetter.de\/index.php\/author\/koetter\/"}]}},"_links":{"self":[{"href":"https:\/\/rouvenkoetter.de\/index.php\/wp-json\/wp\/v2\/posts\/1051","targetHints":{"allow":["GET"]}}],"collection":[{"href":"https:\/\/rouvenkoetter.de\/index.php\/wp-json\/wp\/v2\/posts"}],"about":[{"href":"https:\/\/rouvenkoetter.de\/index.php\/wp-json\/wp\/v2\/types\/post"}],"author":[{"embeddable":true,"href":"https:\/\/rouvenkoetter.de\/index.php\/wp-json\/wp\/v2\/users\/2"}],"replies":[{"embeddable":true,"href":"https:\/\/rouvenkoetter.de\/index.php\/wp-json\/wp\/v2\/comments?post=1051"}],"version-history":[{"count":1,"href":"https:\/\/rouvenkoetter.de\/index.php\/wp-json\/wp\/v2\/posts\/1051\/revisions"}],"predecessor-version":[{"id":1053,"href":"https:\/\/rouvenkoetter.de\/index.php\/wp-json\/wp\/v2\/posts\/1051\/revisions\/1053"}],"wp:featuredmedia":[{"embeddable":true,"href":"https:\/\/rouvenkoetter.de\/index.php\/wp-json\/wp\/v2\/media\/1052"}],"wp:attachment":[{"href":"https:\/\/rouvenkoetter.de\/index.php\/wp-json\/wp\/v2\/media?parent=1051"}],"wp:term":[{"taxonomy":"category","embeddable":true,"href":"https:\/\/rouvenkoetter.de\/index.php\/wp-json\/wp\/v2\/categories?post=1051"},{"taxonomy":"post_tag","embeddable":true,"href":"https:\/\/rouvenkoetter.de\/index.php\/wp-json\/wp\/v2\/tags?post=1051"}],"curies":[{"name":"wp","href":"https:\/\/api.w.org\/{rel}","templated":true}]}}