{"id":1079,"date":"2023-08-19T06:44:00","date_gmt":"2023-08-19T04:44:00","guid":{"rendered":"https:\/\/rouvenkoetter.de\/?p=1079"},"modified":"2023-08-18T16:46:27","modified_gmt":"2023-08-18T14:46:27","slug":"faire-verteilung-notwendig","status":"publish","type":"post","link":"https:\/\/rouvenkoetter.de\/index.php\/2023\/08\/19\/faire-verteilung-notwendig\/","title":{"rendered":"\u201eFaire Verteilung notwendig!\u201c"},"content":{"rendered":"\n<p>Bedarf am Radwegebau laut SPD-Landratskandidat Rouven K\u00f6tter im \u00f6stlichen Kreisgebiet besonders gro\u00df<\/p>\n\n\n\n<p>Zu Beginn der Sommerferien war Landratskandidat Rouven K\u00f6tter mit dem Fahrrad im gesamten Wetteraukreis unterwegs. Er hat alle 25 St\u00e4dte und Gemeinden angefahren und dabei ein besonderes Augenmerk auf die Qualit\u00e4t der Infrastruktur f\u00fcr Radfahrer gelegt. Sein Fazit ist eindeutig: \u201eWir leben in einer wundersch\u00f6nen Region, aber von einer \u201aRadregion\u2018 sind wir noch weit entfernt.\u201c K\u00f6tter stellte insbesondere im \u00f6stlichen Wetteraukreis erhebliche Defizite fest. \u201eIn Oberhessen ist das Rad auf weiten Teilen noch keine echte Alternative zum Auto, weil alltagstaugliche Verbindungen fehlen. Entweder muss man sehr gro\u00dfe Umwege in Kauf nehmen oder sich in gef\u00e4hrliche Situationen auf Autostra\u00dfen begeben. Da besteht gro\u00dfer Handlungsbedarf!\u201c<\/p>\n\n\n\n<p>Der Wetteraukreis hat Anfang des Monats seine anstehenden Projekte im Radwegebau ver\u00f6ffentlicht. K\u00f6tter sieht hier eine Unwucht: \u201eIch will keines der Projekte in der westlichen Wetterau schlechtreden oder ihm den Sinn absprechen. Das sind alles wichtige und sinnvolle Vorhaben. Ich freue mich \u00fcber jeden Meter Radweg, der im Wetteraukreis entsteht. Aber es kann doch nicht sein, dass bei den nun anstehenden Bauma\u00dfnahmen lediglich eine einzige in Oberhessen geplant ist.\u201c Hierbei handelt es sich um den \u201eDauerbrenner\u201c zwischen Ranstadt und Selters, der insbesondere f\u00fcr die Anbindung der Gesamtschule Konradsdorf von Bedeutung ist. \u201eF\u00fcr diesen Radweg k\u00e4mpfen viele Menschen seit Jahrzehnten. Er ist l\u00e4ngst \u00fcberf\u00e4llig und ich hoffe, dass er nun auch wirklich z\u00fcgig umgesetzt wird. Es gibt aber weitere dringend anzupackende Verbindungen, wie beispielsweise zwischen Bergheim und Bleichenbach oder zwischen Stockheim und Effolderbach. F\u00fcr die Freizeit- und Tourismus-Radler bietet Oberhessen sehr viel, mit dem Vulkandradweg als Leuchtturmprojekt und vielen weiteren ansprechenden Strecken. Aber f\u00fcr den Alltagsradverkehr sieht es leider anders aus.\u201c<\/p>\n\n\n\n<p>\u201eEs muss einen Automatismus geben, dass bei Stra\u00dfenbau und gr\u00f6\u00dferen Sanierungen immer ein Radweg mitgeplant und umgesetzt wird. Dabei rede ich nicht von einem Streifen Farbe auf der Fahrbahn \u2013 Farbe sch\u00fctzt keine Radfahrer. Wir brauchen echte Wege, die vom Autoverkehr durch einen Schutzstreifen getrennt sind\u201c, fordert Rouven K\u00f6tter. \u201eRadrouten m\u00fcssen nat\u00fcrlich auch die vorhandenen Wirtschaftswege beinhalten. Dies sind h\u00e4ufig die direkteren Verbindungen zwischen Ortschaften\u201c. Bei seiner Radtour durch den Kreis hat K\u00f6tter diesbez\u00fcglich sehr positive Eindr\u00fccke sammeln k\u00f6nnen: \u201eDie Fahrer von landwirtschaftlichen Fahrzeugen waren durchweg freundlich und r\u00fccksichtsvoll. Daf\u00fcr m\u00f6chte ich mich herzlich bedanken. Wir k\u00f6nnen nicht f\u00fcr jeden Verkehrsteilnehmer eigene Wege bauen, deshalb ist Respekt und R\u00fccksichtnahme ein lebenswichtiger Bestandteil unseres allt\u00e4glichen Stra\u00dfenverkehrs.\u201c<\/p>\n\n\n\n<p>Rouven K\u00f6tter ist als Mobilit\u00e4tsdezernent beim Regionalverband FrankfurtRheinMain unter anderem f\u00fcr den Radverkehr zust\u00e4ndig. Sein Team plant gemeinsam mit den St\u00e4dten, Gemeinden und dem Kreis beispielsweise den Radschnellweg FRM6, der von Butzbach \u00fcber Bad Nauheim, Friedberg und Bad Vilbel bis nach Frankfurt f\u00fchren soll. \u201eDie Radschnellwege sind gewisserma\u00dfen die Autobahnen des Radverkehrs. Das sind spannende Projekte f\u00fcr Strecken, auf denen sehr viel Potenzial f\u00fcr Radverkehr besteht. Wir brauchen aber f\u00fcr den Alltagsradverkehr als Fundament sichere, l\u00fcckenlose und direkte Verbindungen zwischen allen Ortschaften, so wie es beim Autoverkehr Standard ist. Um wirklich eine Radregion zu werden, m\u00fcssen noch einige Projekte angegangen werden, insbesondere im \u00f6stlichen Teil des Wetteraukreises. Das werde ich als Landrat gern und mit Engagement anpacken\u201c, k\u00fcndigt Landratskandidat K\u00f6tter abschlie\u00dfend an.<\/p>\n","protected":false},"excerpt":{"rendered":"<p>Bedarf am Radwegebau laut SPD-Landratskandidat Rouven K\u00f6tter im \u00f6stlichen Kreisgebiet besonders gro\u00df Zu Beginn der Sommerferien war Landratskandidat Rouven K\u00f6tter mit dem Fahrrad im gesamten Wetteraukreis unterwegs. Er hat alle 25 St\u00e4dte und Gemeinden angefahren und dabei ein besonderes Augenmerk auf die Qualit\u00e4t der Infrastruktur f\u00fcr Radfahrer gelegt. Sein Fazit ist eindeutig: \u201eWir leben in [&hellip;]<\/p>\n","protected":false},"author":2,"featured_media":1080,"comment_status":"closed","ping_status":"closed","sticky":false,"template":"","format":"standard","meta":{"_et_pb_use_builder":"off","_et_pb_old_content":"","_et_gb_content_width":"","footnotes":""},"categories":[1],"tags":[],"class_list":["post-1079","post","type-post","status-publish","format-standard","has-post-thumbnail","hentry","category-allgemein"],"yoast_head":"<!-- This site is optimized with the Yoast SEO Premium plugin v20.4 (Yoast SEO v24.1) - https:\/\/yoast.com\/wordpress\/plugins\/seo\/ -->\n<title>\u201eFaire Verteilung notwendig!\u201c - Rouven K\u00f6tter<\/title>\n<meta name=\"robots\" content=\"index, follow, max-snippet:-1, max-image-preview:large, max-video-preview:-1\" \/>\n<link rel=\"canonical\" href=\"https:\/\/rouvenkoetter.de\/index.php\/2023\/08\/19\/faire-verteilung-notwendig\/\" \/>\n<meta property=\"og:locale\" content=\"de_DE\" \/>\n<meta property=\"og:type\" content=\"article\" \/>\n<meta property=\"og:title\" content=\"\u201eFaire Verteilung notwendig!\u201c\" \/>\n<meta property=\"og:description\" content=\"Bedarf am Radwegebau laut SPD-Landratskandidat Rouven K\u00f6tter im \u00f6stlichen Kreisgebiet besonders gro\u00df Zu Beginn der Sommerferien war Landratskandidat Rouven K\u00f6tter mit dem Fahrrad im gesamten Wetteraukreis unterwegs. Er hat alle 25 St\u00e4dte und Gemeinden angefahren und dabei ein besonderes Augenmerk auf die Qualit\u00e4t der Infrastruktur f\u00fcr Radfahrer gelegt. Sein Fazit ist eindeutig: \u201eWir leben in [&hellip;]\" \/>\n<meta property=\"og:url\" content=\"https:\/\/rouvenkoetter.de\/index.php\/2023\/08\/19\/faire-verteilung-notwendig\/\" \/>\n<meta property=\"og:site_name\" content=\"Rouven K\u00f6tter\" \/>\n<meta property=\"article:published_time\" content=\"2023-08-19T04:44:00+00:00\" \/>\n<meta property=\"article:modified_time\" content=\"2023-08-18T14:46:27+00:00\" \/>\n<meta property=\"og:image\" content=\"https:\/\/rouvenkoetter.de\/wp-content\/uploads\/2023\/08\/IMG_2106-1024x1024.jpeg\" \/>\n\t<meta property=\"og:image:width\" content=\"1024\" \/>\n\t<meta property=\"og:image:height\" content=\"1024\" \/>\n\t<meta property=\"og:image:type\" content=\"image\/jpeg\" \/>\n<meta name=\"author\" content=\"Rouven K\u00f6tter\" \/>\n<meta name=\"twitter:card\" content=\"summary_large_image\" \/>\n<meta name=\"twitter:label1\" content=\"Verfasst von\" \/>\n\t<meta name=\"twitter:data1\" content=\"Rouven K\u00f6tter\" \/>\n\t<meta name=\"twitter:label2\" content=\"Gesch\u00e4tzte Lesezeit\" \/>\n\t<meta name=\"twitter:data2\" content=\"3\u00a0Minuten\" \/>\n<script type=\"application\/ld+json\" class=\"yoast-schema-graph\">{\"@context\":\"https:\/\/schema.org\",\"@graph\":[{\"@type\":\"WebPage\",\"@id\":\"https:\/\/rouvenkoetter.de\/index.php\/2023\/08\/19\/faire-verteilung-notwendig\/\",\"url\":\"https:\/\/rouvenkoetter.de\/index.php\/2023\/08\/19\/faire-verteilung-notwendig\/\",\"name\":\"\u201eFaire Verteilung notwendig!\u201c - Rouven K\u00f6tter\",\"isPartOf\":{\"@id\":\"https:\/\/rouvenkoetter.de\/#website\"},\"primaryImageOfPage\":{\"@id\":\"https:\/\/rouvenkoetter.de\/index.php\/2023\/08\/19\/faire-verteilung-notwendig\/#primaryimage\"},\"image\":{\"@id\":\"https:\/\/rouvenkoetter.de\/index.php\/2023\/08\/19\/faire-verteilung-notwendig\/#primaryimage\"},\"thumbnailUrl\":\"https:\/\/rouvenkoetter.de\/wp-content\/uploads\/2023\/08\/IMG_2106.jpeg\",\"datePublished\":\"2023-08-19T04:44:00+00:00\",\"dateModified\":\"2023-08-18T14:46:27+00:00\",\"author\":{\"@id\":\"https:\/\/rouvenkoetter.de\/#\/schema\/person\/d13789712861fd05be51c3e623e4175b\"},\"breadcrumb\":{\"@id\":\"https:\/\/rouvenkoetter.de\/index.php\/2023\/08\/19\/faire-verteilung-notwendig\/#breadcrumb\"},\"inLanguage\":\"de\",\"potentialAction\":[{\"@type\":\"ReadAction\",\"target\":[\"https:\/\/rouvenkoetter.de\/index.php\/2023\/08\/19\/faire-verteilung-notwendig\/\"]}]},{\"@type\":\"ImageObject\",\"inLanguage\":\"de\",\"@id\":\"https:\/\/rouvenkoetter.de\/index.php\/2023\/08\/19\/faire-verteilung-notwendig\/#primaryimage\",\"url\":\"https:\/\/rouvenkoetter.de\/wp-content\/uploads\/2023\/08\/IMG_2106.jpeg\",\"contentUrl\":\"https:\/\/rouvenkoetter.de\/wp-content\/uploads\/2023\/08\/IMG_2106.jpeg\",\"width\":1471,\"height\":1470},{\"@type\":\"BreadcrumbList\",\"@id\":\"https:\/\/rouvenkoetter.de\/index.php\/2023\/08\/19\/faire-verteilung-notwendig\/#breadcrumb\",\"itemListElement\":[{\"@type\":\"ListItem\",\"position\":1,\"name\":\"Startseite\",\"item\":\"https:\/\/rouvenkoetter.de\/\"},{\"@type\":\"ListItem\",\"position\":2,\"name\":\"\u201eFaire Verteilung notwendig!\u201c\"}]},{\"@type\":\"WebSite\",\"@id\":\"https:\/\/rouvenkoetter.de\/#website\",\"url\":\"https:\/\/rouvenkoetter.de\/\",\"name\":\"Rouven K\u00f6tter\",\"description\":\"#HeimatMacher\",\"potentialAction\":[{\"@type\":\"SearchAction\",\"target\":{\"@type\":\"EntryPoint\",\"urlTemplate\":\"https:\/\/rouvenkoetter.de\/?s={search_term_string}\"},\"query-input\":{\"@type\":\"PropertyValueSpecification\",\"valueRequired\":true,\"valueName\":\"search_term_string\"}}],\"inLanguage\":\"de\"},{\"@type\":\"Person\",\"@id\":\"https:\/\/rouvenkoetter.de\/#\/schema\/person\/d13789712861fd05be51c3e623e4175b\",\"name\":\"Rouven K\u00f6tter\",\"url\":\"https:\/\/rouvenkoetter.de\/index.php\/author\/koetter\/\"}]}<\/script>\n<!-- \/ Yoast SEO Premium plugin. -->","yoast_head_json":{"title":"\u201eFaire Verteilung notwendig!\u201c - Rouven K\u00f6tter","robots":{"index":"index","follow":"follow","max-snippet":"max-snippet:-1","max-image-preview":"max-image-preview:large","max-video-preview":"max-video-preview:-1"},"canonical":"https:\/\/rouvenkoetter.de\/index.php\/2023\/08\/19\/faire-verteilung-notwendig\/","og_locale":"de_DE","og_type":"article","og_title":"\u201eFaire Verteilung notwendig!\u201c","og_description":"Bedarf am Radwegebau laut SPD-Landratskandidat Rouven K\u00f6tter im \u00f6stlichen Kreisgebiet besonders gro\u00df Zu Beginn der Sommerferien war Landratskandidat Rouven K\u00f6tter mit dem Fahrrad im gesamten Wetteraukreis unterwegs. Er hat alle 25 St\u00e4dte und Gemeinden angefahren und dabei ein besonderes Augenmerk auf die Qualit\u00e4t der Infrastruktur f\u00fcr Radfahrer gelegt. Sein Fazit ist eindeutig: \u201eWir leben in [&hellip;]","og_url":"https:\/\/rouvenkoetter.de\/index.php\/2023\/08\/19\/faire-verteilung-notwendig\/","og_site_name":"Rouven K\u00f6tter","article_published_time":"2023-08-19T04:44:00+00:00","article_modified_time":"2023-08-18T14:46:27+00:00","og_image":[{"width":1024,"height":1024,"url":"https:\/\/rouvenkoetter.de\/wp-content\/uploads\/2023\/08\/IMG_2106-1024x1024.jpeg","type":"image\/jpeg"}],"author":"Rouven K\u00f6tter","twitter_card":"summary_large_image","twitter_misc":{"Verfasst von":"Rouven K\u00f6tter","Gesch\u00e4tzte Lesezeit":"3\u00a0Minuten"},"schema":{"@context":"https:\/\/schema.org","@graph":[{"@type":"WebPage","@id":"https:\/\/rouvenkoetter.de\/index.php\/2023\/08\/19\/faire-verteilung-notwendig\/","url":"https:\/\/rouvenkoetter.de\/index.php\/2023\/08\/19\/faire-verteilung-notwendig\/","name":"\u201eFaire Verteilung notwendig!\u201c - Rouven K\u00f6tter","isPartOf":{"@id":"https:\/\/rouvenkoetter.de\/#website"},"primaryImageOfPage":{"@id":"https:\/\/rouvenkoetter.de\/index.php\/2023\/08\/19\/faire-verteilung-notwendig\/#primaryimage"},"image":{"@id":"https:\/\/rouvenkoetter.de\/index.php\/2023\/08\/19\/faire-verteilung-notwendig\/#primaryimage"},"thumbnailUrl":"https:\/\/rouvenkoetter.de\/wp-content\/uploads\/2023\/08\/IMG_2106.jpeg","datePublished":"2023-08-19T04:44:00+00:00","dateModified":"2023-08-18T14:46:27+00:00","author":{"@id":"https:\/\/rouvenkoetter.de\/#\/schema\/person\/d13789712861fd05be51c3e623e4175b"},"breadcrumb":{"@id":"https:\/\/rouvenkoetter.de\/index.php\/2023\/08\/19\/faire-verteilung-notwendig\/#breadcrumb"},"inLanguage":"de","potentialAction":[{"@type":"ReadAction","target":["https:\/\/rouvenkoetter.de\/index.php\/2023\/08\/19\/faire-verteilung-notwendig\/"]}]},{"@type":"ImageObject","inLanguage":"de","@id":"https:\/\/rouvenkoetter.de\/index.php\/2023\/08\/19\/faire-verteilung-notwendig\/#primaryimage","url":"https:\/\/rouvenkoetter.de\/wp-content\/uploads\/2023\/08\/IMG_2106.jpeg","contentUrl":"https:\/\/rouvenkoetter.de\/wp-content\/uploads\/2023\/08\/IMG_2106.jpeg","width":1471,"height":1470},{"@type":"BreadcrumbList","@id":"https:\/\/rouvenkoetter.de\/index.php\/2023\/08\/19\/faire-verteilung-notwendig\/#breadcrumb","itemListElement":[{"@type":"ListItem","position":1,"name":"Startseite","item":"https:\/\/rouvenkoetter.de\/"},{"@type":"ListItem","position":2,"name":"\u201eFaire Verteilung notwendig!\u201c"}]},{"@type":"WebSite","@id":"https:\/\/rouvenkoetter.de\/#website","url":"https:\/\/rouvenkoetter.de\/","name":"Rouven K\u00f6tter","description":"#HeimatMacher","potentialAction":[{"@type":"SearchAction","target":{"@type":"EntryPoint","urlTemplate":"https:\/\/rouvenkoetter.de\/?s={search_term_string}"},"query-input":{"@type":"PropertyValueSpecification","valueRequired":true,"valueName":"search_term_string"}}],"inLanguage":"de"},{"@type":"Person","@id":"https:\/\/rouvenkoetter.de\/#\/schema\/person\/d13789712861fd05be51c3e623e4175b","name":"Rouven K\u00f6tter","url":"https:\/\/rouvenkoetter.de\/index.php\/author\/koetter\/"}]}},"_links":{"self":[{"href":"https:\/\/rouvenkoetter.de\/index.php\/wp-json\/wp\/v2\/posts\/1079","targetHints":{"allow":["GET"]}}],"collection":[{"href":"https:\/\/rouvenkoetter.de\/index.php\/wp-json\/wp\/v2\/posts"}],"about":[{"href":"https:\/\/rouvenkoetter.de\/index.php\/wp-json\/wp\/v2\/types\/post"}],"author":[{"embeddable":true,"href":"https:\/\/rouvenkoetter.de\/index.php\/wp-json\/wp\/v2\/users\/2"}],"replies":[{"embeddable":true,"href":"https:\/\/rouvenkoetter.de\/index.php\/wp-json\/wp\/v2\/comments?post=1079"}],"version-history":[{"count":1,"href":"https:\/\/rouvenkoetter.de\/index.php\/wp-json\/wp\/v2\/posts\/1079\/revisions"}],"predecessor-version":[{"id":1081,"href":"https:\/\/rouvenkoetter.de\/index.php\/wp-json\/wp\/v2\/posts\/1079\/revisions\/1081"}],"wp:featuredmedia":[{"embeddable":true,"href":"https:\/\/rouvenkoetter.de\/index.php\/wp-json\/wp\/v2\/media\/1080"}],"wp:attachment":[{"href":"https:\/\/rouvenkoetter.de\/index.php\/wp-json\/wp\/v2\/media?parent=1079"}],"wp:term":[{"taxonomy":"category","embeddable":true,"href":"https:\/\/rouvenkoetter.de\/index.php\/wp-json\/wp\/v2\/categories?post=1079"},{"taxonomy":"post_tag","embeddable":true,"href":"https:\/\/rouvenkoetter.de\/index.php\/wp-json\/wp\/v2\/tags?post=1079"}],"curies":[{"name":"wp","href":"https:\/\/api.w.org\/{rel}","templated":true}]}}