{"id":1097,"date":"2023-09-12T08:42:38","date_gmt":"2023-09-12T06:42:38","guid":{"rendered":"https:\/\/rouvenkoetter.de\/?p=1097"},"modified":"2023-09-12T08:42:40","modified_gmt":"2023-09-12T06:42:40","slug":"praezision-aus-ober-moerlen","status":"publish","type":"post","link":"https:\/\/rouvenkoetter.de\/index.php\/2023\/09\/12\/praezision-aus-ober-moerlen\/","title":{"rendered":"Pr\u00e4zision aus Ober-M\u00f6rlen"},"content":{"rendered":"\n<p>\u201eVerl\u00e4sslichkeit und Pr\u00e4zision sind wichtiger als der Preis\u201c<\/p>\n\n\n\n<p>Landratskandidat Rouven K\u00f6tter besucht HD Zahntechnik<\/p>\n\n\n\n<p>Von au\u00dfen sieht man dem Geb\u00e4ude im Ober-M\u00f6rler Gewerbegebiet nicht unbedingt an, mit welcher Pr\u00e4zision und modernster Technik hier seit 2016 f\u00fcr die Gesundheit gearbeitet wird. Bei HD Zahntechnik sind 15 Mitarbeitende in verschiedensten Arbeitsbereichen t\u00e4tig, um Zahnprothesen und Zahnersatz f\u00fcr Praxen in der ganzen Region zu fertigen. \u201eWir haben einen festen Kundenstamm, der uns insbesondere wegen unserer Zuverl\u00e4ssigkeit und Pr\u00e4zision sch\u00e4tzt. Der Preis ist nicht das entscheidende Argument. Wenn es um unsere Gesundheit und insbesondere unsere Z\u00e4hne geht, ist Qualit\u00e4t wichtiger als alles andere\u201c, berichtet einer der beiden&nbsp;Gesch\u00e4ftsinhaber und Zahntechnikermeister&nbsp;Niels Hedtke seinen interessierten Besuchern. Landratskandidat Rouven K\u00f6tter war im Rahmen seiner Sommertour bei dem Unternehmen und informierte sich gemeinsam mit B\u00fcrgermeisterin Kristina Paulenz und dem Vorsitzenden der Gemeindevertretung Mario Sprengel \u00fcber die aktuelle Situation und Perspektive des innovativen Betriebs. \u201eInnovation, Kreativit\u00e4t und die Bereitschaft zur unternehmerischen Verantwortung sind eine optimale Mischung, um erfolgreich zu wirtschaften und dabei etwas sinnvolles f\u00fcr uns alles&nbsp;zu schaffen. Unternehmen wie HD Zahntechnik sorgen daf\u00fcr, dass der Wirtschaftsstandort Wetterau in eine positive Zukunft blicken kann\u201c, ist sich K\u00f6tter sicher. \u201eAber wir brauchen eine pragmatische Unterst\u00fctzung dieser Unternehmen durch Politik und Verwaltung. Als Landrat werde ich Wirtschaftsf\u00f6rderung zur Chefsache machen.\u201c&nbsp;<\/p>\n\n\n\n<p>Neben der Labortechnik sind seit 2018 Schulungen im Bereich digitaler Zahntechnik das zweite Standbein des Unternehmens. Aus ganz Deutschland kommen Schulungsteilnehmer in die \u201eHD Academy\u201c nach Ober-M\u00f6rlen, um sich in der neusten Technik weiterbilden zu lassen. Daf\u00fcr gibt es einen modern ausgestatteten Schulungsraum, in dem jedem Teilnehmer ein eigener Computer mit hochwertiger Spezialsoftware zur Verf\u00fcgung steht. \u201eGerade im technischen Bereich ist es unheimlich wichtig, auf der H\u00f6he der Zeit zu sein. Aber auch der Fachkr\u00e4ftemangel macht qualifizierte, attraktive Fortbildungen noch notwendiger\u201c, so B\u00fcrgermeisterin Kristina Paulenz. \u201eWir sind stolz darauf, solch kreative, erfolgreiche Unternehmen wie HD Zahntechnik in unserer Gemeinde zu haben, die auch noch Ausbildungsbetrieb sind.\u201c<\/p>\n\n\n\n<p>Bildunterschrift: B\u00fcrgermeisterin Kristina Paulenz, Landratskandidat Rouven K\u00f6tter, HD&nbsp;Gesch\u00e4ftsinhaber&nbsp;Niels Hedtke und der Vorsitzende der Gemeindevertretung Mario Sprengel \u00fcberzeugen sich von der neusten Technik, mit deren Hilfe in Ober-M\u00f6rlen das&nbsp;komplette Spektrum an Zahnersatz&nbsp;hergestellt&nbsp;wird.<\/p>\n","protected":false},"excerpt":{"rendered":"<p>\u201eVerl\u00e4sslichkeit und Pr\u00e4zision sind wichtiger als der Preis\u201c Landratskandidat Rouven K\u00f6tter besucht HD Zahntechnik Von au\u00dfen sieht man dem Geb\u00e4ude im Ober-M\u00f6rler Gewerbegebiet nicht unbedingt an, mit welcher Pr\u00e4zision und modernster Technik hier seit 2016 f\u00fcr die Gesundheit gearbeitet wird. Bei HD Zahntechnik sind 15 Mitarbeitende in verschiedensten Arbeitsbereichen t\u00e4tig, um Zahnprothesen und Zahnersatz f\u00fcr [&hellip;]<\/p>\n","protected":false},"author":2,"featured_media":1099,"comment_status":"closed","ping_status":"closed","sticky":false,"template":"","format":"standard","meta":{"_et_pb_use_builder":"off","_et_pb_old_content":"","_et_gb_content_width":"","footnotes":""},"categories":[1],"tags":[],"class_list":["post-1097","post","type-post","status-publish","format-standard","has-post-thumbnail","hentry","category-allgemein"],"yoast_head":"<!-- This site is optimized with the Yoast SEO Premium plugin v20.4 (Yoast SEO v24.1) - https:\/\/yoast.com\/wordpress\/plugins\/seo\/ -->\n<title>Pr\u00e4zision aus Ober-M\u00f6rlen - Rouven K\u00f6tter<\/title>\n<meta name=\"robots\" content=\"index, follow, max-snippet:-1, max-image-preview:large, max-video-preview:-1\" \/>\n<link rel=\"canonical\" href=\"https:\/\/rouvenkoetter.de\/index.php\/2023\/09\/12\/praezision-aus-ober-moerlen\/\" \/>\n<meta property=\"og:locale\" content=\"de_DE\" \/>\n<meta property=\"og:type\" content=\"article\" \/>\n<meta property=\"og:title\" content=\"Pr\u00e4zision aus Ober-M\u00f6rlen\" \/>\n<meta property=\"og:description\" content=\"\u201eVerl\u00e4sslichkeit und Pr\u00e4zision sind wichtiger als der Preis\u201c Landratskandidat Rouven K\u00f6tter besucht HD Zahntechnik Von au\u00dfen sieht man dem Geb\u00e4ude im Ober-M\u00f6rler Gewerbegebiet nicht unbedingt an, mit welcher Pr\u00e4zision und modernster Technik hier seit 2016 f\u00fcr die Gesundheit gearbeitet wird. Bei HD Zahntechnik sind 15 Mitarbeitende in verschiedensten Arbeitsbereichen t\u00e4tig, um Zahnprothesen und Zahnersatz f\u00fcr [&hellip;]\" \/>\n<meta property=\"og:url\" content=\"https:\/\/rouvenkoetter.de\/index.php\/2023\/09\/12\/praezision-aus-ober-moerlen\/\" \/>\n<meta property=\"og:site_name\" content=\"Rouven K\u00f6tter\" \/>\n<meta property=\"article:published_time\" content=\"2023-09-12T06:42:38+00:00\" \/>\n<meta property=\"article:modified_time\" content=\"2023-09-12T06:42:40+00:00\" \/>\n<meta property=\"og:image\" content=\"https:\/\/rouvenkoetter.de\/wp-content\/uploads\/2023\/09\/IMG_3645-1.jpeg\" \/>\n\t<meta property=\"og:image:width\" content=\"2400\" \/>\n\t<meta property=\"og:image:height\" content=\"2400\" \/>\n\t<meta property=\"og:image:type\" content=\"image\/jpeg\" \/>\n<meta name=\"author\" content=\"Rouven K\u00f6tter\" \/>\n<meta name=\"twitter:card\" content=\"summary_large_image\" \/>\n<meta name=\"twitter:label1\" content=\"Verfasst von\" \/>\n\t<meta name=\"twitter:data1\" content=\"Rouven K\u00f6tter\" \/>\n\t<meta name=\"twitter:label2\" content=\"Gesch\u00e4tzte Lesezeit\" \/>\n\t<meta name=\"twitter:data2\" content=\"2\u00a0Minuten\" \/>\n<script type=\"application\/ld+json\" class=\"yoast-schema-graph\">{\"@context\":\"https:\/\/schema.org\",\"@graph\":[{\"@type\":\"WebPage\",\"@id\":\"https:\/\/rouvenkoetter.de\/index.php\/2023\/09\/12\/praezision-aus-ober-moerlen\/\",\"url\":\"https:\/\/rouvenkoetter.de\/index.php\/2023\/09\/12\/praezision-aus-ober-moerlen\/\",\"name\":\"Pr\u00e4zision aus Ober-M\u00f6rlen - Rouven K\u00f6tter\",\"isPartOf\":{\"@id\":\"https:\/\/rouvenkoetter.de\/#website\"},\"primaryImageOfPage\":{\"@id\":\"https:\/\/rouvenkoetter.de\/index.php\/2023\/09\/12\/praezision-aus-ober-moerlen\/#primaryimage\"},\"image\":{\"@id\":\"https:\/\/rouvenkoetter.de\/index.php\/2023\/09\/12\/praezision-aus-ober-moerlen\/#primaryimage\"},\"thumbnailUrl\":\"https:\/\/rouvenkoetter.de\/wp-content\/uploads\/2023\/09\/IMG_3645-1.jpeg\",\"datePublished\":\"2023-09-12T06:42:38+00:00\",\"dateModified\":\"2023-09-12T06:42:40+00:00\",\"author\":{\"@id\":\"https:\/\/rouvenkoetter.de\/#\/schema\/person\/d13789712861fd05be51c3e623e4175b\"},\"breadcrumb\":{\"@id\":\"https:\/\/rouvenkoetter.de\/index.php\/2023\/09\/12\/praezision-aus-ober-moerlen\/#breadcrumb\"},\"inLanguage\":\"de\",\"potentialAction\":[{\"@type\":\"ReadAction\",\"target\":[\"https:\/\/rouvenkoetter.de\/index.php\/2023\/09\/12\/praezision-aus-ober-moerlen\/\"]}]},{\"@type\":\"ImageObject\",\"inLanguage\":\"de\",\"@id\":\"https:\/\/rouvenkoetter.de\/index.php\/2023\/09\/12\/praezision-aus-ober-moerlen\/#primaryimage\",\"url\":\"https:\/\/rouvenkoetter.de\/wp-content\/uploads\/2023\/09\/IMG_3645-1.jpeg\",\"contentUrl\":\"https:\/\/rouvenkoetter.de\/wp-content\/uploads\/2023\/09\/IMG_3645-1.jpeg\",\"width\":2400,\"height\":2400},{\"@type\":\"BreadcrumbList\",\"@id\":\"https:\/\/rouvenkoetter.de\/index.php\/2023\/09\/12\/praezision-aus-ober-moerlen\/#breadcrumb\",\"itemListElement\":[{\"@type\":\"ListItem\",\"position\":1,\"name\":\"Startseite\",\"item\":\"https:\/\/rouvenkoetter.de\/\"},{\"@type\":\"ListItem\",\"position\":2,\"name\":\"Pr\u00e4zision aus Ober-M\u00f6rlen\"}]},{\"@type\":\"WebSite\",\"@id\":\"https:\/\/rouvenkoetter.de\/#website\",\"url\":\"https:\/\/rouvenkoetter.de\/\",\"name\":\"Rouven K\u00f6tter\",\"description\":\"#HeimatMacher\",\"potentialAction\":[{\"@type\":\"SearchAction\",\"target\":{\"@type\":\"EntryPoint\",\"urlTemplate\":\"https:\/\/rouvenkoetter.de\/?s={search_term_string}\"},\"query-input\":{\"@type\":\"PropertyValueSpecification\",\"valueRequired\":true,\"valueName\":\"search_term_string\"}}],\"inLanguage\":\"de\"},{\"@type\":\"Person\",\"@id\":\"https:\/\/rouvenkoetter.de\/#\/schema\/person\/d13789712861fd05be51c3e623e4175b\",\"name\":\"Rouven K\u00f6tter\",\"url\":\"https:\/\/rouvenkoetter.de\/index.php\/author\/koetter\/\"}]}<\/script>\n<!-- \/ Yoast SEO Premium plugin. -->","yoast_head_json":{"title":"Pr\u00e4zision aus Ober-M\u00f6rlen - Rouven K\u00f6tter","robots":{"index":"index","follow":"follow","max-snippet":"max-snippet:-1","max-image-preview":"max-image-preview:large","max-video-preview":"max-video-preview:-1"},"canonical":"https:\/\/rouvenkoetter.de\/index.php\/2023\/09\/12\/praezision-aus-ober-moerlen\/","og_locale":"de_DE","og_type":"article","og_title":"Pr\u00e4zision aus Ober-M\u00f6rlen","og_description":"\u201eVerl\u00e4sslichkeit und Pr\u00e4zision sind wichtiger als der Preis\u201c Landratskandidat Rouven K\u00f6tter besucht HD Zahntechnik Von au\u00dfen sieht man dem Geb\u00e4ude im Ober-M\u00f6rler Gewerbegebiet nicht unbedingt an, mit welcher Pr\u00e4zision und modernster Technik hier seit 2016 f\u00fcr die Gesundheit gearbeitet wird. Bei HD Zahntechnik sind 15 Mitarbeitende in verschiedensten Arbeitsbereichen t\u00e4tig, um Zahnprothesen und Zahnersatz f\u00fcr [&hellip;]","og_url":"https:\/\/rouvenkoetter.de\/index.php\/2023\/09\/12\/praezision-aus-ober-moerlen\/","og_site_name":"Rouven K\u00f6tter","article_published_time":"2023-09-12T06:42:38+00:00","article_modified_time":"2023-09-12T06:42:40+00:00","og_image":[{"width":2400,"height":2400,"url":"https:\/\/rouvenkoetter.de\/wp-content\/uploads\/2023\/09\/IMG_3645-1.jpeg","type":"image\/jpeg"}],"author":"Rouven K\u00f6tter","twitter_card":"summary_large_image","twitter_misc":{"Verfasst von":"Rouven K\u00f6tter","Gesch\u00e4tzte Lesezeit":"2\u00a0Minuten"},"schema":{"@context":"https:\/\/schema.org","@graph":[{"@type":"WebPage","@id":"https:\/\/rouvenkoetter.de\/index.php\/2023\/09\/12\/praezision-aus-ober-moerlen\/","url":"https:\/\/rouvenkoetter.de\/index.php\/2023\/09\/12\/praezision-aus-ober-moerlen\/","name":"Pr\u00e4zision aus Ober-M\u00f6rlen - Rouven K\u00f6tter","isPartOf":{"@id":"https:\/\/rouvenkoetter.de\/#website"},"primaryImageOfPage":{"@id":"https:\/\/rouvenkoetter.de\/index.php\/2023\/09\/12\/praezision-aus-ober-moerlen\/#primaryimage"},"image":{"@id":"https:\/\/rouvenkoetter.de\/index.php\/2023\/09\/12\/praezision-aus-ober-moerlen\/#primaryimage"},"thumbnailUrl":"https:\/\/rouvenkoetter.de\/wp-content\/uploads\/2023\/09\/IMG_3645-1.jpeg","datePublished":"2023-09-12T06:42:38+00:00","dateModified":"2023-09-12T06:42:40+00:00","author":{"@id":"https:\/\/rouvenkoetter.de\/#\/schema\/person\/d13789712861fd05be51c3e623e4175b"},"breadcrumb":{"@id":"https:\/\/rouvenkoetter.de\/index.php\/2023\/09\/12\/praezision-aus-ober-moerlen\/#breadcrumb"},"inLanguage":"de","potentialAction":[{"@type":"ReadAction","target":["https:\/\/rouvenkoetter.de\/index.php\/2023\/09\/12\/praezision-aus-ober-moerlen\/"]}]},{"@type":"ImageObject","inLanguage":"de","@id":"https:\/\/rouvenkoetter.de\/index.php\/2023\/09\/12\/praezision-aus-ober-moerlen\/#primaryimage","url":"https:\/\/rouvenkoetter.de\/wp-content\/uploads\/2023\/09\/IMG_3645-1.jpeg","contentUrl":"https:\/\/rouvenkoetter.de\/wp-content\/uploads\/2023\/09\/IMG_3645-1.jpeg","width":2400,"height":2400},{"@type":"BreadcrumbList","@id":"https:\/\/rouvenkoetter.de\/index.php\/2023\/09\/12\/praezision-aus-ober-moerlen\/#breadcrumb","itemListElement":[{"@type":"ListItem","position":1,"name":"Startseite","item":"https:\/\/rouvenkoetter.de\/"},{"@type":"ListItem","position":2,"name":"Pr\u00e4zision aus Ober-M\u00f6rlen"}]},{"@type":"WebSite","@id":"https:\/\/rouvenkoetter.de\/#website","url":"https:\/\/rouvenkoetter.de\/","name":"Rouven K\u00f6tter","description":"#HeimatMacher","potentialAction":[{"@type":"SearchAction","target":{"@type":"EntryPoint","urlTemplate":"https:\/\/rouvenkoetter.de\/?s={search_term_string}"},"query-input":{"@type":"PropertyValueSpecification","valueRequired":true,"valueName":"search_term_string"}}],"inLanguage":"de"},{"@type":"Person","@id":"https:\/\/rouvenkoetter.de\/#\/schema\/person\/d13789712861fd05be51c3e623e4175b","name":"Rouven K\u00f6tter","url":"https:\/\/rouvenkoetter.de\/index.php\/author\/koetter\/"}]}},"_links":{"self":[{"href":"https:\/\/rouvenkoetter.de\/index.php\/wp-json\/wp\/v2\/posts\/1097","targetHints":{"allow":["GET"]}}],"collection":[{"href":"https:\/\/rouvenkoetter.de\/index.php\/wp-json\/wp\/v2\/posts"}],"about":[{"href":"https:\/\/rouvenkoetter.de\/index.php\/wp-json\/wp\/v2\/types\/post"}],"author":[{"embeddable":true,"href":"https:\/\/rouvenkoetter.de\/index.php\/wp-json\/wp\/v2\/users\/2"}],"replies":[{"embeddable":true,"href":"https:\/\/rouvenkoetter.de\/index.php\/wp-json\/wp\/v2\/comments?post=1097"}],"version-history":[{"count":1,"href":"https:\/\/rouvenkoetter.de\/index.php\/wp-json\/wp\/v2\/posts\/1097\/revisions"}],"predecessor-version":[{"id":1100,"href":"https:\/\/rouvenkoetter.de\/index.php\/wp-json\/wp\/v2\/posts\/1097\/revisions\/1100"}],"wp:featuredmedia":[{"embeddable":true,"href":"https:\/\/rouvenkoetter.de\/index.php\/wp-json\/wp\/v2\/media\/1099"}],"wp:attachment":[{"href":"https:\/\/rouvenkoetter.de\/index.php\/wp-json\/wp\/v2\/media?parent=1097"}],"wp:term":[{"taxonomy":"category","embeddable":true,"href":"https:\/\/rouvenkoetter.de\/index.php\/wp-json\/wp\/v2\/categories?post=1097"},{"taxonomy":"post_tag","embeddable":true,"href":"https:\/\/rouvenkoetter.de\/index.php\/wp-json\/wp\/v2\/tags?post=1097"}],"curies":[{"name":"wp","href":"https:\/\/api.w.org\/{rel}","templated":true}]}}