{"id":1126,"date":"2023-09-29T09:24:59","date_gmt":"2023-09-29T07:24:59","guid":{"rendered":"https:\/\/rouvenkoetter.de\/?p=1126"},"modified":"2023-09-29T09:25:01","modified_gmt":"2023-09-29T07:25:01","slug":"chance-fuer-das-herz-der-kreisstadt","status":"publish","type":"post","link":"https:\/\/rouvenkoetter.de\/index.php\/2023\/09\/29\/chance-fuer-das-herz-der-kreisstadt\/","title":{"rendered":"Chance f\u00fcr das Herz der Kreisstadt"},"content":{"rendered":"\n<p>Innovatives Programm f\u00fcr die Kaiserstra\u00dfe in Planung<\/p>\n\n\n\n<p>Die Friedberger Kaiserstra\u00dfe ist eine sehr traditionsreiche Einkaufsstra\u00dfe und Verkehrsader in der Wetterauer Kreisstadt. \u201eSeit vielen Jahren beklagen die Menschen in Friedberg einen schleichenden Niedergang der Kaiserstra\u00dfe\u201c, berichtet Dr. Markus Schmidt von der Friedberger FDP. \u201eDeshalb haben wir uns Gedanken gemacht, wie man diese Stra\u00dfe wieder zu einem pulsierenden, attraktiven und wirtschaftlich starken Stadtzentrum entwickeln kann.\u201c Daraus ist die Idee entstanden, die Kaiserstra\u00dfe in einem strukturierten Prozess als so genannten \u201eBusiness Improvement District (BID)\u201c \u2013&nbsp;dt. Innovationsquartier \u2013 zu entwickeln. Moritz Herrmann besch\u00e4ftigt sich schon lange mit der Kaiserstra\u00dfe und konnte seine m\u00fchsam zusammengetragenen Daten einbringen: \u201eEs gibt rund 140 Geb\u00e4ude in dem Bereich der Kaiserstra\u00dfe, der nun entwickelt werden soll. Wir wollen die Aufenthaltsqualit\u00e4t steigern, den Standort aufwerten und aktiv eine lebendige, florierende Innenstadt gestalten\u201c, so Herrmann.<\/p>\n\n\n\n<p>Landratskandidat Rouven K\u00f6tter (SPD) zeigte sich beeindruckt von dem Vorhaben und der strukturierten Vorgehensweise: \u201eDie Kaiserstra\u00dfe ist das Herz der Kreisstadt und f\u00fcr viele Menschen aus der Region nach wie vor ein Anziehungspunkt. Leider hat die Qualit\u00e4t in den vergangenen Jahren gelitten und der Leerstand ist gestiegen, auch wenn es immernoch viele qualitativ hochwertig arbeitende Einzelh\u00e4ndler gibt. Aber die Stra\u00dfe k\u00f6nnte definitiv mehr bieten und f\u00fcr Kunden attraktiver sein\u201c, ist sich K\u00f6tter sicher, der selbst einige Zeit unweit der Kaiserstra\u00dfe wohnte. \u201eEin strukturierter BID-Prozess ist ein mutiger aber sinnvoller und richtiger Ansatz. Wenn das gelingt, kann das die Kaiserstra\u00dfe nachhaltig aufwerten, als moderne Einkaufsstra\u00dfe etablieren und gleichzeitig die einzigartige Geschichte und Architektur bewahren. Dies k\u00f6nnte beispielgebend f\u00fcr zahlreiche andere Quartiere im Wetteraukreis mit \u00e4hnlichen Herausforderungen sein.\u201c<\/p>\n\n\n\n<p>Bei einem BID-Prozess soll eine Gemeinschaft aus Eigent\u00fcmern, Mietern und Gesch\u00e4ftsleuten gebildet werden, die sich gegenseitig unterst\u00fctzen und zusammenarbeiten, um einen lebendigen und florierenden Raum zu gestalten. Der stellvertretende Landtagspr\u00e4sident Dr. J\u00f6rg Uwe Hahn (FDP) ist auch Mitglied des Wetterauer Kreistages und sieht das Vorgehen der Friedberger als vorbildlich an: \u201eWenn hier neue Impulse f\u00fcr Handel, Gastronomie und Wohnen gesetzt werden k\u00f6nnen, hat die Kaiserstra\u00dfe enormes Potenzial. Es ist eine Chance f\u00fcr Kunden, Unternehmer und Immobilieneigent\u00fcmer zugleich. Ich dr\u00fccke die Daumen, dass das Vorhaben gelingt.\u201c Paula Prei\u00df von der FDP aus dem benachbarten Bad Nauheim zeigte sich ebenfalls beeindruckt: \u201eDer Ansatz ist absolut spannend. Er basiert auf freiwilliger Kooperation und verbindet am Ende gemeinsame Interessen zu einem gemeinsamen Vorgehen. Wir werden das mit gro\u00dfem Interesse verfolgen. Das kann ein Muster f\u00fcr andere St\u00e4dte und Gemeinden werden!\u201c<\/p>\n\n\n\n<p>N\u00e4chster Schritt ist ein Workshop in Kassel im November, bei dem der weitere Prozess an zwei Tagen gestaltet und mit Schwerpunkten versehen werden soll. 2024 beginnt der Umbau der Kaiserstra\u00dfe mit den arch\u00e4ologischen Untersuchungen. \u201eWir wollen uns hierbei positiv einbringen und die Sanierung der Kaiserstra\u00dfe mit der Aufwertung der Einkaufsmeile&nbsp;verbinden\u201c, so Dr. Markus Schmidt und Moritz Herrmann abschlie\u00dfend.<\/p>\n\n\n\n<p>Bildunterschrift: Die Besucher Dr. J\u00f6rg Uwe Hahn, Paula Prei\u00df und Rouven K\u00f6tter zeigten sich beeindruckt von den Pl\u00e4nen, die ihnen die Friedberger Moritz Herrmann und Dr. Markus Schmidt pr\u00e4sentierten und erl\u00e4uterten (von links)<\/p>\n","protected":false},"excerpt":{"rendered":"<p>Innovatives Programm f\u00fcr die Kaiserstra\u00dfe in Planung Die Friedberger Kaiserstra\u00dfe ist eine sehr traditionsreiche Einkaufsstra\u00dfe und Verkehrsader in der Wetterauer Kreisstadt. \u201eSeit vielen Jahren beklagen die Menschen in Friedberg einen schleichenden Niedergang der Kaiserstra\u00dfe\u201c, berichtet Dr. Markus Schmidt von der Friedberger FDP. \u201eDeshalb haben wir uns Gedanken gemacht, wie man diese Stra\u00dfe wieder zu einem [&hellip;]<\/p>\n","protected":false},"author":2,"featured_media":1127,"comment_status":"closed","ping_status":"closed","sticky":false,"template":"","format":"standard","meta":{"_et_pb_use_builder":"off","_et_pb_old_content":"","_et_gb_content_width":"","footnotes":""},"categories":[1],"tags":[],"class_list":["post-1126","post","type-post","status-publish","format-standard","has-post-thumbnail","hentry","category-allgemein"],"yoast_head":"<!-- This site is optimized with the Yoast SEO Premium plugin v20.4 (Yoast SEO v24.1) - https:\/\/yoast.com\/wordpress\/plugins\/seo\/ -->\n<title>Chance f\u00fcr das Herz der Kreisstadt - Rouven K\u00f6tter<\/title>\n<meta name=\"robots\" content=\"index, follow, max-snippet:-1, max-image-preview:large, max-video-preview:-1\" \/>\n<link rel=\"canonical\" href=\"https:\/\/rouvenkoetter.de\/index.php\/2023\/09\/29\/chance-fuer-das-herz-der-kreisstadt\/\" \/>\n<meta property=\"og:locale\" content=\"de_DE\" \/>\n<meta property=\"og:type\" content=\"article\" \/>\n<meta property=\"og:title\" content=\"Chance f\u00fcr das Herz der Kreisstadt\" \/>\n<meta property=\"og:description\" content=\"Innovatives Programm f\u00fcr die Kaiserstra\u00dfe in Planung Die Friedberger Kaiserstra\u00dfe ist eine sehr traditionsreiche Einkaufsstra\u00dfe und Verkehrsader in der Wetterauer Kreisstadt. \u201eSeit vielen Jahren beklagen die Menschen in Friedberg einen schleichenden Niedergang der Kaiserstra\u00dfe\u201c, berichtet Dr. Markus Schmidt von der Friedberger FDP. \u201eDeshalb haben wir uns Gedanken gemacht, wie man diese Stra\u00dfe wieder zu einem [&hellip;]\" \/>\n<meta property=\"og:url\" content=\"https:\/\/rouvenkoetter.de\/index.php\/2023\/09\/29\/chance-fuer-das-herz-der-kreisstadt\/\" \/>\n<meta property=\"og:site_name\" content=\"Rouven K\u00f6tter\" \/>\n<meta property=\"article:published_time\" content=\"2023-09-29T07:24:59+00:00\" \/>\n<meta property=\"article:modified_time\" content=\"2023-09-29T07:25:01+00:00\" \/>\n<meta property=\"og:image\" content=\"https:\/\/rouvenkoetter.de\/wp-content\/uploads\/2023\/09\/IMG_2387-1024x1024.jpeg\" \/>\n\t<meta property=\"og:image:width\" content=\"1024\" \/>\n\t<meta property=\"og:image:height\" content=\"1024\" \/>\n\t<meta property=\"og:image:type\" content=\"image\/jpeg\" \/>\n<meta name=\"author\" content=\"Rouven K\u00f6tter\" \/>\n<meta name=\"twitter:card\" content=\"summary_large_image\" \/>\n<meta name=\"twitter:label1\" content=\"Verfasst von\" \/>\n\t<meta name=\"twitter:data1\" content=\"Rouven K\u00f6tter\" \/>\n\t<meta name=\"twitter:label2\" content=\"Gesch\u00e4tzte Lesezeit\" \/>\n\t<meta name=\"twitter:data2\" content=\"3\u00a0Minuten\" \/>\n<script type=\"application\/ld+json\" class=\"yoast-schema-graph\">{\"@context\":\"https:\/\/schema.org\",\"@graph\":[{\"@type\":\"WebPage\",\"@id\":\"https:\/\/rouvenkoetter.de\/index.php\/2023\/09\/29\/chance-fuer-das-herz-der-kreisstadt\/\",\"url\":\"https:\/\/rouvenkoetter.de\/index.php\/2023\/09\/29\/chance-fuer-das-herz-der-kreisstadt\/\",\"name\":\"Chance f\u00fcr das Herz der Kreisstadt - Rouven K\u00f6tter\",\"isPartOf\":{\"@id\":\"https:\/\/rouvenkoetter.de\/#website\"},\"primaryImageOfPage\":{\"@id\":\"https:\/\/rouvenkoetter.de\/index.php\/2023\/09\/29\/chance-fuer-das-herz-der-kreisstadt\/#primaryimage\"},\"image\":{\"@id\":\"https:\/\/rouvenkoetter.de\/index.php\/2023\/09\/29\/chance-fuer-das-herz-der-kreisstadt\/#primaryimage\"},\"thumbnailUrl\":\"https:\/\/rouvenkoetter.de\/wp-content\/uploads\/2023\/09\/IMG_2387.jpeg\",\"datePublished\":\"2023-09-29T07:24:59+00:00\",\"dateModified\":\"2023-09-29T07:25:01+00:00\",\"author\":{\"@id\":\"https:\/\/rouvenkoetter.de\/#\/schema\/person\/d13789712861fd05be51c3e623e4175b\"},\"breadcrumb\":{\"@id\":\"https:\/\/rouvenkoetter.de\/index.php\/2023\/09\/29\/chance-fuer-das-herz-der-kreisstadt\/#breadcrumb\"},\"inLanguage\":\"de\",\"potentialAction\":[{\"@type\":\"ReadAction\",\"target\":[\"https:\/\/rouvenkoetter.de\/index.php\/2023\/09\/29\/chance-fuer-das-herz-der-kreisstadt\/\"]}]},{\"@type\":\"ImageObject\",\"inLanguage\":\"de\",\"@id\":\"https:\/\/rouvenkoetter.de\/index.php\/2023\/09\/29\/chance-fuer-das-herz-der-kreisstadt\/#primaryimage\",\"url\":\"https:\/\/rouvenkoetter.de\/wp-content\/uploads\/2023\/09\/IMG_2387.jpeg\",\"contentUrl\":\"https:\/\/rouvenkoetter.de\/wp-content\/uploads\/2023\/09\/IMG_2387.jpeg\",\"width\":1512,\"height\":1511},{\"@type\":\"BreadcrumbList\",\"@id\":\"https:\/\/rouvenkoetter.de\/index.php\/2023\/09\/29\/chance-fuer-das-herz-der-kreisstadt\/#breadcrumb\",\"itemListElement\":[{\"@type\":\"ListItem\",\"position\":1,\"name\":\"Startseite\",\"item\":\"https:\/\/rouvenkoetter.de\/\"},{\"@type\":\"ListItem\",\"position\":2,\"name\":\"Chance f\u00fcr das Herz der Kreisstadt\"}]},{\"@type\":\"WebSite\",\"@id\":\"https:\/\/rouvenkoetter.de\/#website\",\"url\":\"https:\/\/rouvenkoetter.de\/\",\"name\":\"Rouven K\u00f6tter\",\"description\":\"#HeimatMacher\",\"potentialAction\":[{\"@type\":\"SearchAction\",\"target\":{\"@type\":\"EntryPoint\",\"urlTemplate\":\"https:\/\/rouvenkoetter.de\/?s={search_term_string}\"},\"query-input\":{\"@type\":\"PropertyValueSpecification\",\"valueRequired\":true,\"valueName\":\"search_term_string\"}}],\"inLanguage\":\"de\"},{\"@type\":\"Person\",\"@id\":\"https:\/\/rouvenkoetter.de\/#\/schema\/person\/d13789712861fd05be51c3e623e4175b\",\"name\":\"Rouven K\u00f6tter\",\"url\":\"https:\/\/rouvenkoetter.de\/index.php\/author\/koetter\/\"}]}<\/script>\n<!-- \/ Yoast SEO Premium plugin. -->","yoast_head_json":{"title":"Chance f\u00fcr das Herz der Kreisstadt - Rouven K\u00f6tter","robots":{"index":"index","follow":"follow","max-snippet":"max-snippet:-1","max-image-preview":"max-image-preview:large","max-video-preview":"max-video-preview:-1"},"canonical":"https:\/\/rouvenkoetter.de\/index.php\/2023\/09\/29\/chance-fuer-das-herz-der-kreisstadt\/","og_locale":"de_DE","og_type":"article","og_title":"Chance f\u00fcr das Herz der Kreisstadt","og_description":"Innovatives Programm f\u00fcr die Kaiserstra\u00dfe in Planung Die Friedberger Kaiserstra\u00dfe ist eine sehr traditionsreiche Einkaufsstra\u00dfe und Verkehrsader in der Wetterauer Kreisstadt. \u201eSeit vielen Jahren beklagen die Menschen in Friedberg einen schleichenden Niedergang der Kaiserstra\u00dfe\u201c, berichtet Dr. Markus Schmidt von der Friedberger FDP. \u201eDeshalb haben wir uns Gedanken gemacht, wie man diese Stra\u00dfe wieder zu einem [&hellip;]","og_url":"https:\/\/rouvenkoetter.de\/index.php\/2023\/09\/29\/chance-fuer-das-herz-der-kreisstadt\/","og_site_name":"Rouven K\u00f6tter","article_published_time":"2023-09-29T07:24:59+00:00","article_modified_time":"2023-09-29T07:25:01+00:00","og_image":[{"width":1024,"height":1024,"url":"https:\/\/rouvenkoetter.de\/wp-content\/uploads\/2023\/09\/IMG_2387-1024x1024.jpeg","type":"image\/jpeg"}],"author":"Rouven K\u00f6tter","twitter_card":"summary_large_image","twitter_misc":{"Verfasst von":"Rouven K\u00f6tter","Gesch\u00e4tzte Lesezeit":"3\u00a0Minuten"},"schema":{"@context":"https:\/\/schema.org","@graph":[{"@type":"WebPage","@id":"https:\/\/rouvenkoetter.de\/index.php\/2023\/09\/29\/chance-fuer-das-herz-der-kreisstadt\/","url":"https:\/\/rouvenkoetter.de\/index.php\/2023\/09\/29\/chance-fuer-das-herz-der-kreisstadt\/","name":"Chance f\u00fcr das Herz der Kreisstadt - Rouven K\u00f6tter","isPartOf":{"@id":"https:\/\/rouvenkoetter.de\/#website"},"primaryImageOfPage":{"@id":"https:\/\/rouvenkoetter.de\/index.php\/2023\/09\/29\/chance-fuer-das-herz-der-kreisstadt\/#primaryimage"},"image":{"@id":"https:\/\/rouvenkoetter.de\/index.php\/2023\/09\/29\/chance-fuer-das-herz-der-kreisstadt\/#primaryimage"},"thumbnailUrl":"https:\/\/rouvenkoetter.de\/wp-content\/uploads\/2023\/09\/IMG_2387.jpeg","datePublished":"2023-09-29T07:24:59+00:00","dateModified":"2023-09-29T07:25:01+00:00","author":{"@id":"https:\/\/rouvenkoetter.de\/#\/schema\/person\/d13789712861fd05be51c3e623e4175b"},"breadcrumb":{"@id":"https:\/\/rouvenkoetter.de\/index.php\/2023\/09\/29\/chance-fuer-das-herz-der-kreisstadt\/#breadcrumb"},"inLanguage":"de","potentialAction":[{"@type":"ReadAction","target":["https:\/\/rouvenkoetter.de\/index.php\/2023\/09\/29\/chance-fuer-das-herz-der-kreisstadt\/"]}]},{"@type":"ImageObject","inLanguage":"de","@id":"https:\/\/rouvenkoetter.de\/index.php\/2023\/09\/29\/chance-fuer-das-herz-der-kreisstadt\/#primaryimage","url":"https:\/\/rouvenkoetter.de\/wp-content\/uploads\/2023\/09\/IMG_2387.jpeg","contentUrl":"https:\/\/rouvenkoetter.de\/wp-content\/uploads\/2023\/09\/IMG_2387.jpeg","width":1512,"height":1511},{"@type":"BreadcrumbList","@id":"https:\/\/rouvenkoetter.de\/index.php\/2023\/09\/29\/chance-fuer-das-herz-der-kreisstadt\/#breadcrumb","itemListElement":[{"@type":"ListItem","position":1,"name":"Startseite","item":"https:\/\/rouvenkoetter.de\/"},{"@type":"ListItem","position":2,"name":"Chance f\u00fcr das Herz der Kreisstadt"}]},{"@type":"WebSite","@id":"https:\/\/rouvenkoetter.de\/#website","url":"https:\/\/rouvenkoetter.de\/","name":"Rouven K\u00f6tter","description":"#HeimatMacher","potentialAction":[{"@type":"SearchAction","target":{"@type":"EntryPoint","urlTemplate":"https:\/\/rouvenkoetter.de\/?s={search_term_string}"},"query-input":{"@type":"PropertyValueSpecification","valueRequired":true,"valueName":"search_term_string"}}],"inLanguage":"de"},{"@type":"Person","@id":"https:\/\/rouvenkoetter.de\/#\/schema\/person\/d13789712861fd05be51c3e623e4175b","name":"Rouven K\u00f6tter","url":"https:\/\/rouvenkoetter.de\/index.php\/author\/koetter\/"}]}},"_links":{"self":[{"href":"https:\/\/rouvenkoetter.de\/index.php\/wp-json\/wp\/v2\/posts\/1126","targetHints":{"allow":["GET"]}}],"collection":[{"href":"https:\/\/rouvenkoetter.de\/index.php\/wp-json\/wp\/v2\/posts"}],"about":[{"href":"https:\/\/rouvenkoetter.de\/index.php\/wp-json\/wp\/v2\/types\/post"}],"author":[{"embeddable":true,"href":"https:\/\/rouvenkoetter.de\/index.php\/wp-json\/wp\/v2\/users\/2"}],"replies":[{"embeddable":true,"href":"https:\/\/rouvenkoetter.de\/index.php\/wp-json\/wp\/v2\/comments?post=1126"}],"version-history":[{"count":1,"href":"https:\/\/rouvenkoetter.de\/index.php\/wp-json\/wp\/v2\/posts\/1126\/revisions"}],"predecessor-version":[{"id":1128,"href":"https:\/\/rouvenkoetter.de\/index.php\/wp-json\/wp\/v2\/posts\/1126\/revisions\/1128"}],"wp:featuredmedia":[{"embeddable":true,"href":"https:\/\/rouvenkoetter.de\/index.php\/wp-json\/wp\/v2\/media\/1127"}],"wp:attachment":[{"href":"https:\/\/rouvenkoetter.de\/index.php\/wp-json\/wp\/v2\/media?parent=1126"}],"wp:term":[{"taxonomy":"category","embeddable":true,"href":"https:\/\/rouvenkoetter.de\/index.php\/wp-json\/wp\/v2\/categories?post=1126"},{"taxonomy":"post_tag","embeddable":true,"href":"https:\/\/rouvenkoetter.de\/index.php\/wp-json\/wp\/v2\/tags?post=1126"}],"curies":[{"name":"wp","href":"https:\/\/api.w.org\/{rel}","templated":true}]}}