{"id":1129,"date":"2023-09-30T11:39:30","date_gmt":"2023-09-30T09:39:30","guid":{"rendered":"https:\/\/rouvenkoetter.de\/?p=1129"},"modified":"2023-09-29T11:40:44","modified_gmt":"2023-09-29T09:40:44","slug":"rhein-main-spd-blickt-in-die-wetterau","status":"publish","type":"post","link":"https:\/\/rouvenkoetter.de\/index.php\/2023\/09\/30\/rhein-main-spd-blickt-in-die-wetterau\/","title":{"rendered":"Rhein-Main-SPD blickt in die Wetterau"},"content":{"rendered":"\n<p><strong>Exkursion in die Wetterau: Mobilit\u00e4t und urbaner Wohnungsbau<\/strong><\/p>\n\n\n\n<p><strong>Informationsfahrt der SPD-Regionalpolitiker nach Bad Vilbel und Karben<\/strong><\/p>\n\n\n\n<p>Im Rahmen einer Exkursion haben sich Mitglieder der beiden Regionalparlamente aus den Reihen SPD \u00fcber das Mobilit\u00e4tskonzept der Stadt Bad Vilbel und Wohnbauprojekte der Stadt Karben informiert.&nbsp;<\/p>\n\n\n\n<p>Am S\u00fcdbahnhof Bad Vilbel stand die Verflechtung verschiedener Verkehrstr\u00e4ger im Mittelpunkt der Visite. Mit einem ausgekl\u00fcgelten Konzept, das Fu\u00dfg\u00e4ngern, Radfahrern und KfZ-Pendlern aus der Region den Einstieg in die S6 so angenehm wie m\u00f6glich macht, versucht die Stadt ihren Beitrag zur vielfach diskutierten Verkehrswende zu leisten. Erg\u00e4nzt wird das Angebot durch mehrere Car-Sharing-Fahrzeuge aus dem \u201eVilcar\u201c-Programm der Stadtwerke Bad Vilbel &#8211; unter anderem auch zwei Sprinter &#8211; das insbesondere f\u00fcr Kurzfahrten attraktiv ist und f\u00fcr viele eine Alternative zum Zweitwagen darstellt.<\/p>\n\n\n\n<p>\u201eDas Angebot am Bad Vilbeler S\u00fcdbahnhof passt sich somit als Paradebeispiel f\u00fcr die so genannten Mobilit\u00e4tsstationen aus der Mobilit\u00e4tsstrategie des Regionalverbandes FankfurtRheinMain ein, die wir vor einigen Jahren auf den Weg gebracht haben\u201c, so Rouven K\u00f6tter, Erster Beigeordneter im Regionalverband FrankfurtRheinMain. \u201eErg\u00e4nzt wird die Nahmobilit\u00e4t in der Wetterau hoffentlich bald durch den Radschnellweg FRM 6 \u2013 ein weiteres Projekt, das durch den Regionalverband und seinen Verkehrsdezernenten Rouven K\u00f6tter vorangetrieben wird\u201c, erg\u00e4nzt Kai Gerfelder, Sprecher der SPD-Gruppe.<\/p>\n\n\n\n<p>Den Schwerpunkt \u201eurbaner Wohnungsbau\u201c setzte der Besuch der Sozialdemokraten im benachbarten Karben. Gemeinsam mit Vertretern der Stadt erfolgte eine Er\u00f6rterung der Planungen f\u00fcr das Neubaugebiet \u201eBrunnenquartier\u201c. Hier sollen auf knapp acht Hektar in urbaner Dichte und in unmittelbarer N\u00e4he zum Schienenhaltepunkt f\u00fcr den Ballungsraum dringend ben\u00f6tigte Wohnungen entstehen&nbsp;<\/p>\n\n\n\n<p>Geplant ist ein autoarmes Quartier mit bezahlbarem und nachfragegerechtem Wohnraum sowie hohem Anspruch an den Klimaschutz. Bausteine hierzu sind hochwertige Gr\u00fcn- und Freifl\u00e4chen, erg\u00e4nzt durch einen durchg\u00e4ngigen und gro\u00dfz\u00fcgigen Gr\u00fcnzug. Die Deckung des gesamten W\u00e4rmebedarfs soll durch Nutzung der industriellen Abw\u00e4rme eines Karbener Unternehmens erfolgen.<\/p>\n\n\n\n<p>\u201eDer Mangel an bezahlbarem Wohnraum ist und bleibt nach wie vor eine der gr\u00f6\u00dften Herausforderungen der Region. Mit unserer Politik in der Regionalversammlung werden wir auch im kommenden Regionalplan ein Angebot f\u00fcr eine geordnete und gleichzeitige ausk\u00f6mmliche Entwicklung im Zuge der Bereitstellung von Baufl\u00e4chen gew\u00e4hrleisten\u201c stellt Harald Schindler Vorsitzender der SPD-Fraktion in der Regionalversammlung fest. \u201eWir hoffen, dass die krisenbedingte konjunkturelle Delle im Wohnungsbau nur ein vor\u00fcbergehender Hemmschuh bleibt und bald wieder mehr Investitionen in diesem Bereich erfolgen.\u201c<\/p>\n","protected":false},"excerpt":{"rendered":"<p>Exkursion in die Wetterau: Mobilit\u00e4t und urbaner Wohnungsbau Informationsfahrt der SPD-Regionalpolitiker nach Bad Vilbel und Karben Im Rahmen einer Exkursion haben sich Mitglieder der beiden Regionalparlamente aus den Reihen SPD \u00fcber das Mobilit\u00e4tskonzept der Stadt Bad Vilbel und Wohnbauprojekte der Stadt Karben informiert.&nbsp; Am S\u00fcdbahnhof Bad Vilbel stand die Verflechtung verschiedener Verkehrstr\u00e4ger im Mittelpunkt der [&hellip;]<\/p>\n","protected":false},"author":2,"featured_media":1130,"comment_status":"closed","ping_status":"closed","sticky":false,"template":"","format":"standard","meta":{"_et_pb_use_builder":"off","_et_pb_old_content":"","_et_gb_content_width":"","footnotes":""},"categories":[1],"tags":[],"class_list":["post-1129","post","type-post","status-publish","format-standard","has-post-thumbnail","hentry","category-allgemein"],"yoast_head":"<!-- This site is optimized with the Yoast SEO Premium plugin v20.4 (Yoast SEO v24.1) - https:\/\/yoast.com\/wordpress\/plugins\/seo\/ -->\n<title>Rhein-Main-SPD blickt in die Wetterau - Rouven K\u00f6tter<\/title>\n<meta name=\"robots\" content=\"index, follow, max-snippet:-1, max-image-preview:large, max-video-preview:-1\" \/>\n<link rel=\"canonical\" href=\"https:\/\/rouvenkoetter.de\/index.php\/2023\/09\/30\/rhein-main-spd-blickt-in-die-wetterau\/\" \/>\n<meta property=\"og:locale\" content=\"de_DE\" \/>\n<meta property=\"og:type\" content=\"article\" \/>\n<meta property=\"og:title\" content=\"Rhein-Main-SPD blickt in die Wetterau\" \/>\n<meta property=\"og:description\" content=\"Exkursion in die Wetterau: Mobilit\u00e4t und urbaner Wohnungsbau Informationsfahrt der SPD-Regionalpolitiker nach Bad Vilbel und Karben Im Rahmen einer Exkursion haben sich Mitglieder der beiden Regionalparlamente aus den Reihen SPD \u00fcber das Mobilit\u00e4tskonzept der Stadt Bad Vilbel und Wohnbauprojekte der Stadt Karben informiert.&nbsp; Am S\u00fcdbahnhof Bad Vilbel stand die Verflechtung verschiedener Verkehrstr\u00e4ger im Mittelpunkt der [&hellip;]\" \/>\n<meta property=\"og:url\" content=\"https:\/\/rouvenkoetter.de\/index.php\/2023\/09\/30\/rhein-main-spd-blickt-in-die-wetterau\/\" \/>\n<meta property=\"og:site_name\" content=\"Rouven K\u00f6tter\" \/>\n<meta property=\"article:published_time\" content=\"2023-09-30T09:39:30+00:00\" \/>\n<meta property=\"article:modified_time\" content=\"2023-09-29T09:40:44+00:00\" \/>\n<meta property=\"og:image\" content=\"https:\/\/rouvenkoetter.de\/wp-content\/uploads\/2023\/09\/IMG_2391-1024x857.jpeg\" \/>\n\t<meta property=\"og:image:width\" content=\"1024\" \/>\n\t<meta property=\"og:image:height\" content=\"857\" \/>\n\t<meta property=\"og:image:type\" content=\"image\/jpeg\" \/>\n<meta name=\"author\" content=\"Rouven K\u00f6tter\" \/>\n<meta name=\"twitter:card\" content=\"summary_large_image\" \/>\n<meta name=\"twitter:label1\" content=\"Verfasst von\" \/>\n\t<meta name=\"twitter:data1\" content=\"Rouven K\u00f6tter\" \/>\n\t<meta name=\"twitter:label2\" content=\"Gesch\u00e4tzte Lesezeit\" \/>\n\t<meta name=\"twitter:data2\" content=\"3\u00a0Minuten\" \/>\n<script type=\"application\/ld+json\" class=\"yoast-schema-graph\">{\"@context\":\"https:\/\/schema.org\",\"@graph\":[{\"@type\":\"WebPage\",\"@id\":\"https:\/\/rouvenkoetter.de\/index.php\/2023\/09\/30\/rhein-main-spd-blickt-in-die-wetterau\/\",\"url\":\"https:\/\/rouvenkoetter.de\/index.php\/2023\/09\/30\/rhein-main-spd-blickt-in-die-wetterau\/\",\"name\":\"Rhein-Main-SPD blickt in die Wetterau - Rouven K\u00f6tter\",\"isPartOf\":{\"@id\":\"https:\/\/rouvenkoetter.de\/#website\"},\"primaryImageOfPage\":{\"@id\":\"https:\/\/rouvenkoetter.de\/index.php\/2023\/09\/30\/rhein-main-spd-blickt-in-die-wetterau\/#primaryimage\"},\"image\":{\"@id\":\"https:\/\/rouvenkoetter.de\/index.php\/2023\/09\/30\/rhein-main-spd-blickt-in-die-wetterau\/#primaryimage\"},\"thumbnailUrl\":\"https:\/\/rouvenkoetter.de\/wp-content\/uploads\/2023\/09\/IMG_2391.jpeg\",\"datePublished\":\"2023-09-30T09:39:30+00:00\",\"dateModified\":\"2023-09-29T09:40:44+00:00\",\"author\":{\"@id\":\"https:\/\/rouvenkoetter.de\/#\/schema\/person\/d13789712861fd05be51c3e623e4175b\"},\"breadcrumb\":{\"@id\":\"https:\/\/rouvenkoetter.de\/index.php\/2023\/09\/30\/rhein-main-spd-blickt-in-die-wetterau\/#breadcrumb\"},\"inLanguage\":\"de\",\"potentialAction\":[{\"@type\":\"ReadAction\",\"target\":[\"https:\/\/rouvenkoetter.de\/index.php\/2023\/09\/30\/rhein-main-spd-blickt-in-die-wetterau\/\"]}]},{\"@type\":\"ImageObject\",\"inLanguage\":\"de\",\"@id\":\"https:\/\/rouvenkoetter.de\/index.php\/2023\/09\/30\/rhein-main-spd-blickt-in-die-wetterau\/#primaryimage\",\"url\":\"https:\/\/rouvenkoetter.de\/wp-content\/uploads\/2023\/09\/IMG_2391.jpeg\",\"contentUrl\":\"https:\/\/rouvenkoetter.de\/wp-content\/uploads\/2023\/09\/IMG_2391.jpeg\",\"width\":1705,\"height\":1427},{\"@type\":\"BreadcrumbList\",\"@id\":\"https:\/\/rouvenkoetter.de\/index.php\/2023\/09\/30\/rhein-main-spd-blickt-in-die-wetterau\/#breadcrumb\",\"itemListElement\":[{\"@type\":\"ListItem\",\"position\":1,\"name\":\"Startseite\",\"item\":\"https:\/\/rouvenkoetter.de\/\"},{\"@type\":\"ListItem\",\"position\":2,\"name\":\"Rhein-Main-SPD blickt in die Wetterau\"}]},{\"@type\":\"WebSite\",\"@id\":\"https:\/\/rouvenkoetter.de\/#website\",\"url\":\"https:\/\/rouvenkoetter.de\/\",\"name\":\"Rouven K\u00f6tter\",\"description\":\"#HeimatMacher\",\"potentialAction\":[{\"@type\":\"SearchAction\",\"target\":{\"@type\":\"EntryPoint\",\"urlTemplate\":\"https:\/\/rouvenkoetter.de\/?s={search_term_string}\"},\"query-input\":{\"@type\":\"PropertyValueSpecification\",\"valueRequired\":true,\"valueName\":\"search_term_string\"}}],\"inLanguage\":\"de\"},{\"@type\":\"Person\",\"@id\":\"https:\/\/rouvenkoetter.de\/#\/schema\/person\/d13789712861fd05be51c3e623e4175b\",\"name\":\"Rouven K\u00f6tter\",\"url\":\"https:\/\/rouvenkoetter.de\/index.php\/author\/koetter\/\"}]}<\/script>\n<!-- \/ Yoast SEO Premium plugin. -->","yoast_head_json":{"title":"Rhein-Main-SPD blickt in die Wetterau - Rouven K\u00f6tter","robots":{"index":"index","follow":"follow","max-snippet":"max-snippet:-1","max-image-preview":"max-image-preview:large","max-video-preview":"max-video-preview:-1"},"canonical":"https:\/\/rouvenkoetter.de\/index.php\/2023\/09\/30\/rhein-main-spd-blickt-in-die-wetterau\/","og_locale":"de_DE","og_type":"article","og_title":"Rhein-Main-SPD blickt in die Wetterau","og_description":"Exkursion in die Wetterau: Mobilit\u00e4t und urbaner Wohnungsbau Informationsfahrt der SPD-Regionalpolitiker nach Bad Vilbel und Karben Im Rahmen einer Exkursion haben sich Mitglieder der beiden Regionalparlamente aus den Reihen SPD \u00fcber das Mobilit\u00e4tskonzept der Stadt Bad Vilbel und Wohnbauprojekte der Stadt Karben informiert.&nbsp; Am S\u00fcdbahnhof Bad Vilbel stand die Verflechtung verschiedener Verkehrstr\u00e4ger im Mittelpunkt der [&hellip;]","og_url":"https:\/\/rouvenkoetter.de\/index.php\/2023\/09\/30\/rhein-main-spd-blickt-in-die-wetterau\/","og_site_name":"Rouven K\u00f6tter","article_published_time":"2023-09-30T09:39:30+00:00","article_modified_time":"2023-09-29T09:40:44+00:00","og_image":[{"width":1024,"height":857,"url":"https:\/\/rouvenkoetter.de\/wp-content\/uploads\/2023\/09\/IMG_2391-1024x857.jpeg","type":"image\/jpeg"}],"author":"Rouven K\u00f6tter","twitter_card":"summary_large_image","twitter_misc":{"Verfasst von":"Rouven K\u00f6tter","Gesch\u00e4tzte Lesezeit":"3\u00a0Minuten"},"schema":{"@context":"https:\/\/schema.org","@graph":[{"@type":"WebPage","@id":"https:\/\/rouvenkoetter.de\/index.php\/2023\/09\/30\/rhein-main-spd-blickt-in-die-wetterau\/","url":"https:\/\/rouvenkoetter.de\/index.php\/2023\/09\/30\/rhein-main-spd-blickt-in-die-wetterau\/","name":"Rhein-Main-SPD blickt in die Wetterau - Rouven K\u00f6tter","isPartOf":{"@id":"https:\/\/rouvenkoetter.de\/#website"},"primaryImageOfPage":{"@id":"https:\/\/rouvenkoetter.de\/index.php\/2023\/09\/30\/rhein-main-spd-blickt-in-die-wetterau\/#primaryimage"},"image":{"@id":"https:\/\/rouvenkoetter.de\/index.php\/2023\/09\/30\/rhein-main-spd-blickt-in-die-wetterau\/#primaryimage"},"thumbnailUrl":"https:\/\/rouvenkoetter.de\/wp-content\/uploads\/2023\/09\/IMG_2391.jpeg","datePublished":"2023-09-30T09:39:30+00:00","dateModified":"2023-09-29T09:40:44+00:00","author":{"@id":"https:\/\/rouvenkoetter.de\/#\/schema\/person\/d13789712861fd05be51c3e623e4175b"},"breadcrumb":{"@id":"https:\/\/rouvenkoetter.de\/index.php\/2023\/09\/30\/rhein-main-spd-blickt-in-die-wetterau\/#breadcrumb"},"inLanguage":"de","potentialAction":[{"@type":"ReadAction","target":["https:\/\/rouvenkoetter.de\/index.php\/2023\/09\/30\/rhein-main-spd-blickt-in-die-wetterau\/"]}]},{"@type":"ImageObject","inLanguage":"de","@id":"https:\/\/rouvenkoetter.de\/index.php\/2023\/09\/30\/rhein-main-spd-blickt-in-die-wetterau\/#primaryimage","url":"https:\/\/rouvenkoetter.de\/wp-content\/uploads\/2023\/09\/IMG_2391.jpeg","contentUrl":"https:\/\/rouvenkoetter.de\/wp-content\/uploads\/2023\/09\/IMG_2391.jpeg","width":1705,"height":1427},{"@type":"BreadcrumbList","@id":"https:\/\/rouvenkoetter.de\/index.php\/2023\/09\/30\/rhein-main-spd-blickt-in-die-wetterau\/#breadcrumb","itemListElement":[{"@type":"ListItem","position":1,"name":"Startseite","item":"https:\/\/rouvenkoetter.de\/"},{"@type":"ListItem","position":2,"name":"Rhein-Main-SPD blickt in die Wetterau"}]},{"@type":"WebSite","@id":"https:\/\/rouvenkoetter.de\/#website","url":"https:\/\/rouvenkoetter.de\/","name":"Rouven K\u00f6tter","description":"#HeimatMacher","potentialAction":[{"@type":"SearchAction","target":{"@type":"EntryPoint","urlTemplate":"https:\/\/rouvenkoetter.de\/?s={search_term_string}"},"query-input":{"@type":"PropertyValueSpecification","valueRequired":true,"valueName":"search_term_string"}}],"inLanguage":"de"},{"@type":"Person","@id":"https:\/\/rouvenkoetter.de\/#\/schema\/person\/d13789712861fd05be51c3e623e4175b","name":"Rouven K\u00f6tter","url":"https:\/\/rouvenkoetter.de\/index.php\/author\/koetter\/"}]}},"_links":{"self":[{"href":"https:\/\/rouvenkoetter.de\/index.php\/wp-json\/wp\/v2\/posts\/1129","targetHints":{"allow":["GET"]}}],"collection":[{"href":"https:\/\/rouvenkoetter.de\/index.php\/wp-json\/wp\/v2\/posts"}],"about":[{"href":"https:\/\/rouvenkoetter.de\/index.php\/wp-json\/wp\/v2\/types\/post"}],"author":[{"embeddable":true,"href":"https:\/\/rouvenkoetter.de\/index.php\/wp-json\/wp\/v2\/users\/2"}],"replies":[{"embeddable":true,"href":"https:\/\/rouvenkoetter.de\/index.php\/wp-json\/wp\/v2\/comments?post=1129"}],"version-history":[{"count":1,"href":"https:\/\/rouvenkoetter.de\/index.php\/wp-json\/wp\/v2\/posts\/1129\/revisions"}],"predecessor-version":[{"id":1131,"href":"https:\/\/rouvenkoetter.de\/index.php\/wp-json\/wp\/v2\/posts\/1129\/revisions\/1131"}],"wp:featuredmedia":[{"embeddable":true,"href":"https:\/\/rouvenkoetter.de\/index.php\/wp-json\/wp\/v2\/media\/1130"}],"wp:attachment":[{"href":"https:\/\/rouvenkoetter.de\/index.php\/wp-json\/wp\/v2\/media?parent=1129"}],"wp:term":[{"taxonomy":"category","embeddable":true,"href":"https:\/\/rouvenkoetter.de\/index.php\/wp-json\/wp\/v2\/categories?post=1129"},{"taxonomy":"post_tag","embeddable":true,"href":"https:\/\/rouvenkoetter.de\/index.php\/wp-json\/wp\/v2\/tags?post=1129"}],"curies":[{"name":"wp","href":"https:\/\/api.w.org\/{rel}","templated":true}]}}