{"id":1132,"date":"2023-10-02T10:36:26","date_gmt":"2023-10-02T08:36:26","guid":{"rendered":"https:\/\/rouvenkoetter.de\/?p=1132"},"modified":"2023-10-02T10:36:28","modified_gmt":"2023-10-02T08:36:28","slug":"weil-pflege-von-herzen-kommt","status":"publish","type":"post","link":"https:\/\/rouvenkoetter.de\/index.php\/2023\/10\/02\/weil-pflege-von-herzen-kommt\/","title":{"rendered":"Weil Pflege von Herzen kommt"},"content":{"rendered":"\n<p><br>SPD-Vertreter zu Besuch in Florst\u00e4dter Seniorenheim<br><br>\u201eMan sp\u00fcrt sofort, dass hier eine sehr positive, ruhige und angenehme Atmosph\u00e4re gepflegt wird\u201c, zeigt sich die SPD-Landtagskandidatin Anne Thomas beeindruckt, nachdem der Leiter des Marie-Juchacz-Hauses in Florstadt Holger Wenisch die Besuchergruppe in die Einrichtung gef\u00fchrt hat. Anne Thomas hat im Rahmen ihres Wahlkampfes viele Praxistage verbracht, unter anderem in einem Pflegeheim. \u201eIch wei\u00df, wie anstrengend die Arbeit hier ist und welche Belastung das sein kann. Ich ziehe meinen Hut vor allen, die in der Pflege arbeiten und damit eine so wichtige Aufgabe f\u00fcr unsere Gesellschaft erledigen.\u201c\u00a0<br><br>Das 2006 er\u00f6ffnete Seniorenheim ist im Eigentum der Stadt Florstadt und wird von der AWO betrieben. Holger Wenisch hat selbst viele Jahre in der Pflege gearbeitet, ehe er die Leitung des Seniorenheimes von Beginn an \u00fcbernahm. \u201eIn unserer Einrichtung arbeiten 58 Personen, davon 41 in der Pflege. Wir bilden selbstverst\u00e4ndlich auch aus, um unseren eigenen Nachwuchs heranzuziehen. Aber die b\u00fcrokratischen Auflagen, Dokumentationspflichten und Pr\u00fcfungen fressen viel Zeit und Arbeit auf, die wir lieber unseren 64 Bewohnerinnen und Bewohnern widmen w\u00fcrden\u201c, so Wenisch.\u00a0<br><br>Der Generalsekret\u00e4r der Hessischen SPD Christoph Degen h\u00f6rte sehr genau zu und nahm sich viel Zeit f\u00fcr die Ausf\u00fchrungen von Wenisch. \u201eVor allem den Hinweis, dass die M\u00f6glichkeiten der Zeitarbeit zwar gut gemeint sind, aber sehr viele Probleme verursachen, h\u00f6re ich sehr oft in entsprechenden Einrichtungen. Auch die Kritik an der generalistischen Ausbildung, die Herr Wenisch formulierte, nehme ich sehr ernst. Politik muss vern\u00fcnftige Rahmenbedingungen schaffen, damit Seniorenheime ein w\u00fcrdevolles Leben im Alter erm\u00f6glichen k\u00f6nnen\u201c, so Degen.\u00a0<br><br>Das frisch gekochte Mittagessen aus Altenstadt war bereits verspeist, als die Besucher einen Rundgang durch das Seniorenheim machten. In den 46 Einzel- und 9 Doppelzimmern sowie im Bereich der 16 Tagespflegepl\u00e4tze im 2020 neu eingeweihten Erweiterungsbau sp\u00fcrt man, dass die Pflege hier von Herzen kommt. Ein Highlight war der Abstecher in einen der kleinen Innenh\u00f6fe der Einrichtung, wo man auf die Afrikanische Spornschildkr\u00f6te Alfred traf, die eine beeindruckende Gr\u00f6\u00dfe hat. \u201eDer Umgang mit Tieren entschleunigt und beruhigt. Gerade auch f\u00fcr Menschen mit Demenz ist das ein wichtiger Anlaufpunkt\u201c, berichtete Wenisch. Neben Alfred gibt es noch H\u00fchner, einige kleinere Schildkr\u00f6ten und Enten auf dem Gel\u00e4nde des Seniorenheimes.<br><br>Landratskandidat Rouven K\u00f6tter hat in seiner Zeit als B\u00fcrgermeister der Gemeinde W\u00f6lfersheim nicht nur die Schaffung von bezahlbarem Wohnraum voran gebracht, sondern auch von barrierefreiem, altersgerechtem Wohnraum, wie er in 17 Wohneinheiten auch \u00fcber dem Bereich der Tagespflege in Florstadt angemietet werden kann. K\u00f6tter zeigte sich vom Ansatz der Stadt Florstadt beeindruckt: \u201eDie Stadt Florstadt hat Verantwortung \u00fcbernommen. Das ist mutige, verantwortungsvolle und l\u00f6sungsorientierte Politik, wie ich es mir auch im Kreis vorstelle. Wenn es Herausforderungen vor Ort zu bew\u00e4ltigen gibt, dann darf man nicht lange nach Zust\u00e4ndigkeiten fragen und sich verstecken. Dann muss man beherzt anpacken und pragmatisch handeln\u201c, so K\u00f6tter. \u201eWir brauchen in allen Teilen des Wetteraukreises begleitende Strukturen f\u00fcr alle Phasen des Lebens, von der Hebamme \u00fcber Kinderbetreuung, Schule, medizinischer Versorgung bis hin zu Pflegeheimen und mindestens einem station\u00e4ren Hospiz. Das ist eine Aufgabe, die der Wetteraukreis dort anpacken und unterst\u00fctzen muss, wo es der Markt alleine ganz offensichtlich nicht regelt\u201c. Die Stadt Florstadt geht diesen verantwortungsvollen Weg auch in Zukunft und baut gerade 16 weitere Wohneinheiten in Ober-Florstadt, die ebenfalls von der AWO betrieben werden sollen.\u00a0<br><br>\u201eWas k\u00f6nnen wir tun, um die Arbeit des Pflegeheimes zu unterst\u00fctzen?\u201c, fragte Christoph Degen zum Schluss des Besuches. Einrichtungsleiter Wenisch fand klare Worte: \u201eVerbietet die Zeitarbeit und reduziert die Dokumentationspflichten. Das w\u00fcrde uns enorm helfen. Mehr Gehalt f\u00fcr das Pflegepersonal w\u00e4re auch hilfreich. Die gro\u00dfen Belastungen des Berufs, insbesondere durch die Schicht- und Wochenenddienste, kann uns niemand abnehmen. Schlie\u00dflich brauchen unsere Bewohnerinnen und Bewohner rund um die Uhr Betreuung und die wollen wir ihnen auch mit Herz und Kompetenz bieten\u201c, so Wenisch abschlie\u00dfend.<\/p>\n","protected":false},"excerpt":{"rendered":"<p>SPD-Vertreter zu Besuch in Florst\u00e4dter Seniorenheim \u201eMan sp\u00fcrt sofort, dass hier eine sehr positive, ruhige und angenehme Atmosph\u00e4re gepflegt wird\u201c, zeigt sich die SPD-Landtagskandidatin Anne Thomas beeindruckt, nachdem der Leiter des Marie-Juchacz-Hauses in Florstadt Holger Wenisch die Besuchergruppe in die Einrichtung gef\u00fchrt hat. Anne Thomas hat im Rahmen ihres Wahlkampfes viele Praxistage verbracht, unter anderem [&hellip;]<\/p>\n","protected":false},"author":2,"featured_media":1133,"comment_status":"closed","ping_status":"closed","sticky":false,"template":"","format":"standard","meta":{"_et_pb_use_builder":"off","_et_pb_old_content":"","_et_gb_content_width":"","footnotes":""},"categories":[1],"tags":[],"class_list":["post-1132","post","type-post","status-publish","format-standard","has-post-thumbnail","hentry","category-allgemein"],"yoast_head":"<!-- This site is optimized with the Yoast SEO Premium plugin v20.4 (Yoast SEO v24.1) - https:\/\/yoast.com\/wordpress\/plugins\/seo\/ -->\n<title>Weil Pflege von Herzen kommt - Rouven K\u00f6tter<\/title>\n<meta name=\"robots\" content=\"index, follow, max-snippet:-1, max-image-preview:large, max-video-preview:-1\" \/>\n<link rel=\"canonical\" href=\"https:\/\/rouvenkoetter.de\/index.php\/2023\/10\/02\/weil-pflege-von-herzen-kommt\/\" \/>\n<meta property=\"og:locale\" content=\"de_DE\" \/>\n<meta property=\"og:type\" content=\"article\" \/>\n<meta property=\"og:title\" content=\"Weil Pflege von Herzen kommt\" \/>\n<meta property=\"og:description\" content=\"SPD-Vertreter zu Besuch in Florst\u00e4dter Seniorenheim \u201eMan sp\u00fcrt sofort, dass hier eine sehr positive, ruhige und angenehme Atmosph\u00e4re gepflegt wird\u201c, zeigt sich die SPD-Landtagskandidatin Anne Thomas beeindruckt, nachdem der Leiter des Marie-Juchacz-Hauses in Florstadt Holger Wenisch die Besuchergruppe in die Einrichtung gef\u00fchrt hat. Anne Thomas hat im Rahmen ihres Wahlkampfes viele Praxistage verbracht, unter anderem [&hellip;]\" \/>\n<meta property=\"og:url\" content=\"https:\/\/rouvenkoetter.de\/index.php\/2023\/10\/02\/weil-pflege-von-herzen-kommt\/\" \/>\n<meta property=\"og:site_name\" content=\"Rouven K\u00f6tter\" \/>\n<meta property=\"article:published_time\" content=\"2023-10-02T08:36:26+00:00\" \/>\n<meta property=\"article:modified_time\" content=\"2023-10-02T08:36:28+00:00\" \/>\n<meta property=\"og:image\" content=\"https:\/\/rouvenkoetter.de\/wp-content\/uploads\/2023\/10\/IMG_2399-1024x1024.jpeg\" \/>\n\t<meta property=\"og:image:width\" content=\"1024\" \/>\n\t<meta property=\"og:image:height\" content=\"1024\" \/>\n\t<meta property=\"og:image:type\" content=\"image\/jpeg\" \/>\n<meta name=\"author\" content=\"Rouven K\u00f6tter\" \/>\n<meta name=\"twitter:card\" content=\"summary_large_image\" \/>\n<meta name=\"twitter:label1\" content=\"Verfasst von\" \/>\n\t<meta name=\"twitter:data1\" content=\"Rouven K\u00f6tter\" \/>\n\t<meta name=\"twitter:label2\" content=\"Gesch\u00e4tzte Lesezeit\" \/>\n\t<meta name=\"twitter:data2\" content=\"4\u00a0Minuten\" \/>\n<script type=\"application\/ld+json\" class=\"yoast-schema-graph\">{\"@context\":\"https:\/\/schema.org\",\"@graph\":[{\"@type\":\"WebPage\",\"@id\":\"https:\/\/rouvenkoetter.de\/index.php\/2023\/10\/02\/weil-pflege-von-herzen-kommt\/\",\"url\":\"https:\/\/rouvenkoetter.de\/index.php\/2023\/10\/02\/weil-pflege-von-herzen-kommt\/\",\"name\":\"Weil Pflege von Herzen kommt - Rouven K\u00f6tter\",\"isPartOf\":{\"@id\":\"https:\/\/rouvenkoetter.de\/#website\"},\"primaryImageOfPage\":{\"@id\":\"https:\/\/rouvenkoetter.de\/index.php\/2023\/10\/02\/weil-pflege-von-herzen-kommt\/#primaryimage\"},\"image\":{\"@id\":\"https:\/\/rouvenkoetter.de\/index.php\/2023\/10\/02\/weil-pflege-von-herzen-kommt\/#primaryimage\"},\"thumbnailUrl\":\"https:\/\/rouvenkoetter.de\/wp-content\/uploads\/2023\/10\/IMG_2399.jpeg\",\"datePublished\":\"2023-10-02T08:36:26+00:00\",\"dateModified\":\"2023-10-02T08:36:28+00:00\",\"author\":{\"@id\":\"https:\/\/rouvenkoetter.de\/#\/schema\/person\/d13789712861fd05be51c3e623e4175b\"},\"breadcrumb\":{\"@id\":\"https:\/\/rouvenkoetter.de\/index.php\/2023\/10\/02\/weil-pflege-von-herzen-kommt\/#breadcrumb\"},\"inLanguage\":\"de\",\"potentialAction\":[{\"@type\":\"ReadAction\",\"target\":[\"https:\/\/rouvenkoetter.de\/index.php\/2023\/10\/02\/weil-pflege-von-herzen-kommt\/\"]}]},{\"@type\":\"ImageObject\",\"inLanguage\":\"de\",\"@id\":\"https:\/\/rouvenkoetter.de\/index.php\/2023\/10\/02\/weil-pflege-von-herzen-kommt\/#primaryimage\",\"url\":\"https:\/\/rouvenkoetter.de\/wp-content\/uploads\/2023\/10\/IMG_2399.jpeg\",\"contentUrl\":\"https:\/\/rouvenkoetter.de\/wp-content\/uploads\/2023\/10\/IMG_2399.jpeg\",\"width\":1592,\"height\":1594},{\"@type\":\"BreadcrumbList\",\"@id\":\"https:\/\/rouvenkoetter.de\/index.php\/2023\/10\/02\/weil-pflege-von-herzen-kommt\/#breadcrumb\",\"itemListElement\":[{\"@type\":\"ListItem\",\"position\":1,\"name\":\"Startseite\",\"item\":\"https:\/\/rouvenkoetter.de\/\"},{\"@type\":\"ListItem\",\"position\":2,\"name\":\"Weil Pflege von Herzen kommt\"}]},{\"@type\":\"WebSite\",\"@id\":\"https:\/\/rouvenkoetter.de\/#website\",\"url\":\"https:\/\/rouvenkoetter.de\/\",\"name\":\"Rouven K\u00f6tter\",\"description\":\"#HeimatMacher\",\"potentialAction\":[{\"@type\":\"SearchAction\",\"target\":{\"@type\":\"EntryPoint\",\"urlTemplate\":\"https:\/\/rouvenkoetter.de\/?s={search_term_string}\"},\"query-input\":{\"@type\":\"PropertyValueSpecification\",\"valueRequired\":true,\"valueName\":\"search_term_string\"}}],\"inLanguage\":\"de\"},{\"@type\":\"Person\",\"@id\":\"https:\/\/rouvenkoetter.de\/#\/schema\/person\/d13789712861fd05be51c3e623e4175b\",\"name\":\"Rouven K\u00f6tter\",\"url\":\"https:\/\/rouvenkoetter.de\/index.php\/author\/koetter\/\"}]}<\/script>\n<!-- \/ Yoast SEO Premium plugin. -->","yoast_head_json":{"title":"Weil Pflege von Herzen kommt - Rouven K\u00f6tter","robots":{"index":"index","follow":"follow","max-snippet":"max-snippet:-1","max-image-preview":"max-image-preview:large","max-video-preview":"max-video-preview:-1"},"canonical":"https:\/\/rouvenkoetter.de\/index.php\/2023\/10\/02\/weil-pflege-von-herzen-kommt\/","og_locale":"de_DE","og_type":"article","og_title":"Weil Pflege von Herzen kommt","og_description":"SPD-Vertreter zu Besuch in Florst\u00e4dter Seniorenheim \u201eMan sp\u00fcrt sofort, dass hier eine sehr positive, ruhige und angenehme Atmosph\u00e4re gepflegt wird\u201c, zeigt sich die SPD-Landtagskandidatin Anne Thomas beeindruckt, nachdem der Leiter des Marie-Juchacz-Hauses in Florstadt Holger Wenisch die Besuchergruppe in die Einrichtung gef\u00fchrt hat. Anne Thomas hat im Rahmen ihres Wahlkampfes viele Praxistage verbracht, unter anderem [&hellip;]","og_url":"https:\/\/rouvenkoetter.de\/index.php\/2023\/10\/02\/weil-pflege-von-herzen-kommt\/","og_site_name":"Rouven K\u00f6tter","article_published_time":"2023-10-02T08:36:26+00:00","article_modified_time":"2023-10-02T08:36:28+00:00","og_image":[{"width":1024,"height":1024,"url":"https:\/\/rouvenkoetter.de\/wp-content\/uploads\/2023\/10\/IMG_2399-1024x1024.jpeg","type":"image\/jpeg"}],"author":"Rouven K\u00f6tter","twitter_card":"summary_large_image","twitter_misc":{"Verfasst von":"Rouven K\u00f6tter","Gesch\u00e4tzte Lesezeit":"4\u00a0Minuten"},"schema":{"@context":"https:\/\/schema.org","@graph":[{"@type":"WebPage","@id":"https:\/\/rouvenkoetter.de\/index.php\/2023\/10\/02\/weil-pflege-von-herzen-kommt\/","url":"https:\/\/rouvenkoetter.de\/index.php\/2023\/10\/02\/weil-pflege-von-herzen-kommt\/","name":"Weil Pflege von Herzen kommt - Rouven K\u00f6tter","isPartOf":{"@id":"https:\/\/rouvenkoetter.de\/#website"},"primaryImageOfPage":{"@id":"https:\/\/rouvenkoetter.de\/index.php\/2023\/10\/02\/weil-pflege-von-herzen-kommt\/#primaryimage"},"image":{"@id":"https:\/\/rouvenkoetter.de\/index.php\/2023\/10\/02\/weil-pflege-von-herzen-kommt\/#primaryimage"},"thumbnailUrl":"https:\/\/rouvenkoetter.de\/wp-content\/uploads\/2023\/10\/IMG_2399.jpeg","datePublished":"2023-10-02T08:36:26+00:00","dateModified":"2023-10-02T08:36:28+00:00","author":{"@id":"https:\/\/rouvenkoetter.de\/#\/schema\/person\/d13789712861fd05be51c3e623e4175b"},"breadcrumb":{"@id":"https:\/\/rouvenkoetter.de\/index.php\/2023\/10\/02\/weil-pflege-von-herzen-kommt\/#breadcrumb"},"inLanguage":"de","potentialAction":[{"@type":"ReadAction","target":["https:\/\/rouvenkoetter.de\/index.php\/2023\/10\/02\/weil-pflege-von-herzen-kommt\/"]}]},{"@type":"ImageObject","inLanguage":"de","@id":"https:\/\/rouvenkoetter.de\/index.php\/2023\/10\/02\/weil-pflege-von-herzen-kommt\/#primaryimage","url":"https:\/\/rouvenkoetter.de\/wp-content\/uploads\/2023\/10\/IMG_2399.jpeg","contentUrl":"https:\/\/rouvenkoetter.de\/wp-content\/uploads\/2023\/10\/IMG_2399.jpeg","width":1592,"height":1594},{"@type":"BreadcrumbList","@id":"https:\/\/rouvenkoetter.de\/index.php\/2023\/10\/02\/weil-pflege-von-herzen-kommt\/#breadcrumb","itemListElement":[{"@type":"ListItem","position":1,"name":"Startseite","item":"https:\/\/rouvenkoetter.de\/"},{"@type":"ListItem","position":2,"name":"Weil Pflege von Herzen kommt"}]},{"@type":"WebSite","@id":"https:\/\/rouvenkoetter.de\/#website","url":"https:\/\/rouvenkoetter.de\/","name":"Rouven K\u00f6tter","description":"#HeimatMacher","potentialAction":[{"@type":"SearchAction","target":{"@type":"EntryPoint","urlTemplate":"https:\/\/rouvenkoetter.de\/?s={search_term_string}"},"query-input":{"@type":"PropertyValueSpecification","valueRequired":true,"valueName":"search_term_string"}}],"inLanguage":"de"},{"@type":"Person","@id":"https:\/\/rouvenkoetter.de\/#\/schema\/person\/d13789712861fd05be51c3e623e4175b","name":"Rouven K\u00f6tter","url":"https:\/\/rouvenkoetter.de\/index.php\/author\/koetter\/"}]}},"_links":{"self":[{"href":"https:\/\/rouvenkoetter.de\/index.php\/wp-json\/wp\/v2\/posts\/1132","targetHints":{"allow":["GET"]}}],"collection":[{"href":"https:\/\/rouvenkoetter.de\/index.php\/wp-json\/wp\/v2\/posts"}],"about":[{"href":"https:\/\/rouvenkoetter.de\/index.php\/wp-json\/wp\/v2\/types\/post"}],"author":[{"embeddable":true,"href":"https:\/\/rouvenkoetter.de\/index.php\/wp-json\/wp\/v2\/users\/2"}],"replies":[{"embeddable":true,"href":"https:\/\/rouvenkoetter.de\/index.php\/wp-json\/wp\/v2\/comments?post=1132"}],"version-history":[{"count":1,"href":"https:\/\/rouvenkoetter.de\/index.php\/wp-json\/wp\/v2\/posts\/1132\/revisions"}],"predecessor-version":[{"id":1134,"href":"https:\/\/rouvenkoetter.de\/index.php\/wp-json\/wp\/v2\/posts\/1132\/revisions\/1134"}],"wp:featuredmedia":[{"embeddable":true,"href":"https:\/\/rouvenkoetter.de\/index.php\/wp-json\/wp\/v2\/media\/1133"}],"wp:attachment":[{"href":"https:\/\/rouvenkoetter.de\/index.php\/wp-json\/wp\/v2\/media?parent=1132"}],"wp:term":[{"taxonomy":"category","embeddable":true,"href":"https:\/\/rouvenkoetter.de\/index.php\/wp-json\/wp\/v2\/categories?post=1132"},{"taxonomy":"post_tag","embeddable":true,"href":"https:\/\/rouvenkoetter.de\/index.php\/wp-json\/wp\/v2\/tags?post=1132"}],"curies":[{"name":"wp","href":"https:\/\/api.w.org\/{rel}","templated":true}]}}