{"id":225,"date":"2022-02-18T07:37:00","date_gmt":"2022-02-18T06:37:00","guid":{"rendered":"https:\/\/rouvenkoetter.de\/?p=225"},"modified":"2022-02-18T08:09:23","modified_gmt":"2022-02-18T07:09:23","slug":"gemeinsam-fuer-eine-digitale-zukunft","status":"publish","type":"post","link":"https:\/\/rouvenkoetter.de\/index.php\/2022\/02\/18\/gemeinsam-fuer-eine-digitale-zukunft\/","title":{"rendered":"Gemeinsam f\u00fcr eine digitale Zukunft"},"content":{"rendered":"\n<p><\/p>\n\n\n\n<p>Das Unternehmen Yplay aus Altenstadt hat sich auf den Weg gemacht, den Glasfaserausbau im Wetteraukreis und im Main-Kinzig-Kreis voran zu bringen. Hierzu wurden bereits mit 11 Kommunen Vertr\u00e4ge abgeschlossen. Da es sich bei YPLAY um keinen der gro\u00dfen Telekommunikationsanbieter handelt, werden immer wieder kritische Fragen aufgeworfen. \u201eSchaffen die das \u00fcberhaupt?\u201c oder \u201eGibt es auch einen echten Unternehmenssitz oder h\u00e4ngt da nur irgendwo ein Briefkasten\u201c waren Fragen, die den B\u00fcrgermeisterinnen und B\u00fcrgermeistern gelegentlich gestellt wurden. Grund genug f\u00fcr die Reichelsheimer Rathauschefin Lena Herget-Umsonst (SPD), den Hammersbacher B\u00fcrgermeister Michael G\u00f6llner (SPD) und den Sprecher der Wetterauer SPD f\u00fcr Digitalisierung Rouven K\u00f6tter sich vor Ort ein eigenes Bild zu machen und mit den Verantwortlichen in einen konstruktiven Austausch zu gehen.<\/p>\n\n\n\n<p>\u201eWir haben unsere Mitarbeiterzahl in den letzten beiden Jahren auf fast 100 Personen verdoppelt\u201c, berichtet Gesch\u00e4ftsf\u00fchrer Peer Kohlstetter. \u201eAufgrund des Fachkr\u00e4ftemangels haben wir Personen aus ganz Deutschland und dar\u00fcber hinaus angeworben, um mit uns gemeinsam den Glasfaserausbau in der Region voranzubringen.\u201c Die Firmenzentrale im Altenst\u00e4dte Ortsteil Lindheim st\u00f6\u00dft dabei sp\u00fcrbar an ihre Kapazit\u00e4tsgrenzen.<\/p>\n\n\n\n<p>\u201eReichelsheim hat mit Yplay einen Vertrag geschlossen, da wir einerseits ein lokales, f\u00fcr uns besser greifbares Unternehmen w\u00e4hlen wollten und wir uns andererseits gro\u00dfe Synergie-Effekte erhoffen, da zahlreiche weitere Kommunen im Umkreis den gleichen Partner gew\u00e4hlt haben\u201c, erl\u00e4utert Herget-Umsonst. \u201eEin lokaler, mittelst\u00e4ndiger Partner war uns lieber als ein gro\u00dfer anonymer Konzern, bei dem man als l\u00e4ndliche Kommune letztlich nur eine kleine Nummer ist.\u201c Reichelsheim befindet sich aktuell in der Phase der Kundewerbung. Wenn 40 % der Haushalte einen Anschlussvertrag geschlossen haben, geht der Ausbau direkt los. \u201eDie Bauausf\u00fchrung ist f\u00fcr uns von gro\u00dfer Bedeutung. Die Einschr\u00e4nkungen sollen so gering wie m\u00f6glich gehalten werden, die Gehwege und Stra\u00dfen anschlie\u00dfend f\u00fcr die Nutzer wieder in einem sehr guten Zustand sein\u201c, stellt die Reichelsheimer B\u00fcrgermeisterin klar.<\/p>\n\n\n\n<p>\u201eWir bedienen uns einer externen Bau\u00fcberwachung, die permanent vor Ort ist und das Projekt in enger Abstimmung mit den Kommunen begleitet\u201c, so YPlay-Gesch\u00e4ftsf\u00fchrer Kohlstetter. \u201eWir rechnen pro Ort mit einer Bauzeit von ein bis zwei Jahren, je nach Gr\u00f6\u00dfe und Komplexit\u00e4t. Etwa sechs Monate nach dem ersten Spatenstich werden dabei die ersten Haushalte mit Glasfaser-Anschl\u00fcssen versorgt.\u201c<\/p>\n\n\n\n<p>Hammersbach hatte urspr\u00fcnglich mit der Breitband Main-Kinzig, die sich um F\u00f6rdermittel f\u00fcr den Ausbau beworben hatte, einen Kooperationsvertrag abgeschlossen. Da nun YPlay einen eigenwirtschaftlichen Ausbau angemeldet hat, hat dies Vorrang. B\u00fcrgermeister G\u00f6llner berichtet: \u201eYplay ist nun auch in unserem Gemeindegebiet t\u00e4tig und erschlie\u00dft Haushalte, die das w\u00fcnschen mit Glasfaser. Mir war es daher wichtig, die handelnden Menschen n\u00e4her kennenzulernen und in einen produktiven Austausch einzusteigen.\u201c G\u00f6llner ist auch im Kreistag und dem Regionalvorstand der Region FrankfurtRheinMain t\u00e4tig und dort mit verschiedenen anderen Projekten und Vorhaben zum Thema Glasfaser-Ausbau und Digitalisierung besch\u00e4ftigt. \u201eDie Zukunft ist digital und wir m\u00fcssen heute die Basis daf\u00fcr legen, dass die Kommunen in unserer Region auf diese Herausforderung vorbereitet sind. Die B\u00fcrgerinnen und B\u00fcrger erwarten hier schnelle L\u00f6sungen und keine jahrelangen Debatten.\u201c<\/p>\n\n\n\n<p>\u201eEin modernes Glasfasernetz ist f\u00fcr die Zukunftsf\u00e4higkeit des l\u00e4ndlichen Raums fast so wichtig, wie es einst Wasser- und Stromversorgung waren\u201c, ist sich K\u00f6tter sicher. \u201eNoch vor wenigen Jahren war das ein bel\u00e4cheltes Randthema. Heute ist die Bedeutung allen Akteuren bewusst und auch externe Geldgeber scheuen das Investment in Glasfasernetze nicht mehr. Vielmehr sieht man hier eine sichere und attraktive Anlagem\u00f6glichkeit.\u201c K\u00f6tter ist im Regionalverband FrankfurtRheinMain Erster Beigeordneter, wo die Gigabitregion gegr\u00fcndet wurde. Yplay ist zwar keines der Partnerunternehmen, was K\u00f6tter aber nicht kritisch sieht: \u201eDie Gigabitregion ist ein Angebot an die St\u00e4dte und Gemeinden der Region. Wer sich f\u00fcr einen anderen Anbieter entscheidet, hat daf\u00fcr sicher gute Gr\u00fcnde. Ich begr\u00fc\u00dfe es ausdr\u00fccklich, wenn ein Unternehmen wie Yplay den Glasfaserausbau in seiner Heimatregion voranbringt. F\u00fcr die Menschen in der Region ist es wichtig, dass schnell und nachhaltige eine zukunftssichere Technik installiert wird. Das z\u00e4hlt letztlich.\u201c<\/p>\n\n\n\n<figure class=\"wp-block-image size-large\"><img loading=\"lazy\" decoding=\"async\" width=\"1024\" height=\"581\" src=\"https:\/\/rouvenkoetter.de\/wp-content\/uploads\/2022\/02\/0D63A494-4823-48B9-80A6-4722FEA1B09A-1024x581.jpeg\" alt=\"\" class=\"wp-image-226\" srcset=\"https:\/\/rouvenkoetter.de\/wp-content\/uploads\/2022\/02\/0D63A494-4823-48B9-80A6-4722FEA1B09A-1024x581.jpeg 1024w, https:\/\/rouvenkoetter.de\/wp-content\/uploads\/2022\/02\/0D63A494-4823-48B9-80A6-4722FEA1B09A-300x170.jpeg 300w, https:\/\/rouvenkoetter.de\/wp-content\/uploads\/2022\/02\/0D63A494-4823-48B9-80A6-4722FEA1B09A-768x436.jpeg 768w, https:\/\/rouvenkoetter.de\/wp-content\/uploads\/2022\/02\/0D63A494-4823-48B9-80A6-4722FEA1B09A-1536x872.jpeg 1536w, https:\/\/rouvenkoetter.de\/wp-content\/uploads\/2022\/02\/0D63A494-4823-48B9-80A6-4722FEA1B09A-1568x890.jpeg 1568w, https:\/\/rouvenkoetter.de\/wp-content\/uploads\/2022\/02\/0D63A494-4823-48B9-80A6-4722FEA1B09A.jpeg 1609w\" sizes=\"(max-width: 1024px) 100vw, 1024px\" \/><figcaption> \u201eGemeinsam f\u00fcr eine digitale Zukunft: YPlay-Gesch\u00e4ftsf\u00fchrer Peer Kohlstetter, und die politischen Vertreter Michael G\u00f6llner, Lena Herget-Umsonst und Rouven K\u00f6tter (von rechts)<\/figcaption><\/figure>\n\n\n\n<p><\/p>\n","protected":false},"excerpt":{"rendered":"<p>Das Unternehmen Yplay aus Altenstadt hat sich auf den Weg gemacht, den Glasfaserausbau im Wetteraukreis und im Main-Kinzig-Kreis voran zu bringen. Hierzu wurden bereits mit 11 Kommunen Vertr\u00e4ge abgeschlossen. Da es sich bei YPLAY um keinen der gro\u00dfen Telekommunikationsanbieter handelt, werden immer wieder kritische Fragen aufgeworfen. \u201eSchaffen die das \u00fcberhaupt?\u201c oder \u201eGibt es auch einen [&hellip;]<\/p>\n","protected":false},"author":2,"featured_media":227,"comment_status":"closed","ping_status":"","sticky":false,"template":"","format":"standard","meta":{"_et_pb_use_builder":"","_et_pb_old_content":"","_et_gb_content_width":"","footnotes":""},"categories":[1],"tags":[42,47,46,45,43,8,11,44],"class_list":["post-225","post","type-post","status-publish","format-standard","has-post-thumbnail","hentry","category-allgemein","tag-breitband","tag-gigabitregion","tag-goellner","tag-herget-umsonst","tag-main-kinzig-kreis","tag-regionalverband","tag-wetteraukreis","tag-yplay"],"yoast_head":"<!-- This site is optimized with the Yoast SEO Premium plugin v20.4 (Yoast SEO v24.1) - https:\/\/yoast.com\/wordpress\/plugins\/seo\/ -->\n<title>Gemeinsam f\u00fcr eine digitale Zukunft - Rouven K\u00f6tter<\/title>\n<meta name=\"robots\" content=\"index, follow, max-snippet:-1, max-image-preview:large, max-video-preview:-1\" \/>\n<link rel=\"canonical\" href=\"https:\/\/rouvenkoetter.de\/index.php\/2022\/02\/18\/gemeinsam-fuer-eine-digitale-zukunft\/\" \/>\n<meta property=\"og:locale\" content=\"de_DE\" \/>\n<meta property=\"og:type\" content=\"article\" \/>\n<meta property=\"og:title\" content=\"Gemeinsam f\u00fcr eine digitale Zukunft\" \/>\n<meta property=\"og:description\" content=\"Das Unternehmen Yplay aus Altenstadt hat sich auf den Weg gemacht, den Glasfaserausbau im Wetteraukreis und im Main-Kinzig-Kreis voran zu bringen. Hierzu wurden bereits mit 11 Kommunen Vertr\u00e4ge abgeschlossen. Da es sich bei YPLAY um keinen der gro\u00dfen Telekommunikationsanbieter handelt, werden immer wieder kritische Fragen aufgeworfen. \u201eSchaffen die das \u00fcberhaupt?\u201c oder \u201eGibt es auch einen [&hellip;]\" \/>\n<meta property=\"og:url\" content=\"https:\/\/rouvenkoetter.de\/index.php\/2022\/02\/18\/gemeinsam-fuer-eine-digitale-zukunft\/\" \/>\n<meta property=\"og:site_name\" content=\"Rouven K\u00f6tter\" \/>\n<meta property=\"article:published_time\" content=\"2022-02-18T06:37:00+00:00\" \/>\n<meta property=\"article:modified_time\" content=\"2022-02-18T07:09:23+00:00\" \/>\n<meta property=\"og:image\" content=\"https:\/\/rouvenkoetter.de\/wp-content\/uploads\/2022\/02\/68068BF2-2632-4FFD-A014-E827F9562C90-scaled.jpeg\" \/>\n\t<meta property=\"og:image:width\" content=\"2560\" \/>\n\t<meta property=\"og:image:height\" content=\"1440\" \/>\n\t<meta property=\"og:image:type\" content=\"image\/jpeg\" \/>\n<meta name=\"author\" content=\"Rouven K\u00f6tter\" \/>\n<meta name=\"twitter:card\" content=\"summary_large_image\" \/>\n<meta name=\"twitter:label1\" content=\"Verfasst von\" \/>\n\t<meta name=\"twitter:data1\" content=\"Rouven K\u00f6tter\" \/>\n\t<meta name=\"twitter:label2\" content=\"Gesch\u00e4tzte Lesezeit\" \/>\n\t<meta name=\"twitter:data2\" content=\"4\u00a0Minuten\" \/>\n<script type=\"application\/ld+json\" class=\"yoast-schema-graph\">{\"@context\":\"https:\/\/schema.org\",\"@graph\":[{\"@type\":\"WebPage\",\"@id\":\"https:\/\/rouvenkoetter.de\/index.php\/2022\/02\/18\/gemeinsam-fuer-eine-digitale-zukunft\/\",\"url\":\"https:\/\/rouvenkoetter.de\/index.php\/2022\/02\/18\/gemeinsam-fuer-eine-digitale-zukunft\/\",\"name\":\"Gemeinsam f\u00fcr eine digitale Zukunft - Rouven K\u00f6tter\",\"isPartOf\":{\"@id\":\"https:\/\/rouvenkoetter.de\/#website\"},\"primaryImageOfPage\":{\"@id\":\"https:\/\/rouvenkoetter.de\/index.php\/2022\/02\/18\/gemeinsam-fuer-eine-digitale-zukunft\/#primaryimage\"},\"image\":{\"@id\":\"https:\/\/rouvenkoetter.de\/index.php\/2022\/02\/18\/gemeinsam-fuer-eine-digitale-zukunft\/#primaryimage\"},\"thumbnailUrl\":\"https:\/\/rouvenkoetter.de\/wp-content\/uploads\/2022\/02\/68068BF2-2632-4FFD-A014-E827F9562C90-scaled.jpeg\",\"datePublished\":\"2022-02-18T06:37:00+00:00\",\"dateModified\":\"2022-02-18T07:09:23+00:00\",\"author\":{\"@id\":\"https:\/\/rouvenkoetter.de\/#\/schema\/person\/d13789712861fd05be51c3e623e4175b\"},\"breadcrumb\":{\"@id\":\"https:\/\/rouvenkoetter.de\/index.php\/2022\/02\/18\/gemeinsam-fuer-eine-digitale-zukunft\/#breadcrumb\"},\"inLanguage\":\"de\",\"potentialAction\":[{\"@type\":\"ReadAction\",\"target\":[\"https:\/\/rouvenkoetter.de\/index.php\/2022\/02\/18\/gemeinsam-fuer-eine-digitale-zukunft\/\"]}]},{\"@type\":\"ImageObject\",\"inLanguage\":\"de\",\"@id\":\"https:\/\/rouvenkoetter.de\/index.php\/2022\/02\/18\/gemeinsam-fuer-eine-digitale-zukunft\/#primaryimage\",\"url\":\"https:\/\/rouvenkoetter.de\/wp-content\/uploads\/2022\/02\/68068BF2-2632-4FFD-A014-E827F9562C90-scaled.jpeg\",\"contentUrl\":\"https:\/\/rouvenkoetter.de\/wp-content\/uploads\/2022\/02\/68068BF2-2632-4FFD-A014-E827F9562C90-scaled.jpeg\",\"width\":2560,\"height\":1440},{\"@type\":\"BreadcrumbList\",\"@id\":\"https:\/\/rouvenkoetter.de\/index.php\/2022\/02\/18\/gemeinsam-fuer-eine-digitale-zukunft\/#breadcrumb\",\"itemListElement\":[{\"@type\":\"ListItem\",\"position\":1,\"name\":\"Startseite\",\"item\":\"https:\/\/rouvenkoetter.de\/\"},{\"@type\":\"ListItem\",\"position\":2,\"name\":\"Gemeinsam f\u00fcr eine digitale Zukunft\"}]},{\"@type\":\"WebSite\",\"@id\":\"https:\/\/rouvenkoetter.de\/#website\",\"url\":\"https:\/\/rouvenkoetter.de\/\",\"name\":\"Rouven K\u00f6tter\",\"description\":\"#HeimatMacher\",\"potentialAction\":[{\"@type\":\"SearchAction\",\"target\":{\"@type\":\"EntryPoint\",\"urlTemplate\":\"https:\/\/rouvenkoetter.de\/?s={search_term_string}\"},\"query-input\":{\"@type\":\"PropertyValueSpecification\",\"valueRequired\":true,\"valueName\":\"search_term_string\"}}],\"inLanguage\":\"de\"},{\"@type\":\"Person\",\"@id\":\"https:\/\/rouvenkoetter.de\/#\/schema\/person\/d13789712861fd05be51c3e623e4175b\",\"name\":\"Rouven K\u00f6tter\",\"url\":\"https:\/\/rouvenkoetter.de\/index.php\/author\/koetter\/\"}]}<\/script>\n<!-- \/ Yoast SEO Premium plugin. -->","yoast_head_json":{"title":"Gemeinsam f\u00fcr eine digitale Zukunft - Rouven K\u00f6tter","robots":{"index":"index","follow":"follow","max-snippet":"max-snippet:-1","max-image-preview":"max-image-preview:large","max-video-preview":"max-video-preview:-1"},"canonical":"https:\/\/rouvenkoetter.de\/index.php\/2022\/02\/18\/gemeinsam-fuer-eine-digitale-zukunft\/","og_locale":"de_DE","og_type":"article","og_title":"Gemeinsam f\u00fcr eine digitale Zukunft","og_description":"Das Unternehmen Yplay aus Altenstadt hat sich auf den Weg gemacht, den Glasfaserausbau im Wetteraukreis und im Main-Kinzig-Kreis voran zu bringen. Hierzu wurden bereits mit 11 Kommunen Vertr\u00e4ge abgeschlossen. Da es sich bei YPLAY um keinen der gro\u00dfen Telekommunikationsanbieter handelt, werden immer wieder kritische Fragen aufgeworfen. \u201eSchaffen die das \u00fcberhaupt?\u201c oder \u201eGibt es auch einen [&hellip;]","og_url":"https:\/\/rouvenkoetter.de\/index.php\/2022\/02\/18\/gemeinsam-fuer-eine-digitale-zukunft\/","og_site_name":"Rouven K\u00f6tter","article_published_time":"2022-02-18T06:37:00+00:00","article_modified_time":"2022-02-18T07:09:23+00:00","og_image":[{"width":2560,"height":1440,"url":"https:\/\/rouvenkoetter.de\/wp-content\/uploads\/2022\/02\/68068BF2-2632-4FFD-A014-E827F9562C90-scaled.jpeg","type":"image\/jpeg"}],"author":"Rouven K\u00f6tter","twitter_card":"summary_large_image","twitter_misc":{"Verfasst von":"Rouven K\u00f6tter","Gesch\u00e4tzte Lesezeit":"4\u00a0Minuten"},"schema":{"@context":"https:\/\/schema.org","@graph":[{"@type":"WebPage","@id":"https:\/\/rouvenkoetter.de\/index.php\/2022\/02\/18\/gemeinsam-fuer-eine-digitale-zukunft\/","url":"https:\/\/rouvenkoetter.de\/index.php\/2022\/02\/18\/gemeinsam-fuer-eine-digitale-zukunft\/","name":"Gemeinsam f\u00fcr eine digitale Zukunft - Rouven K\u00f6tter","isPartOf":{"@id":"https:\/\/rouvenkoetter.de\/#website"},"primaryImageOfPage":{"@id":"https:\/\/rouvenkoetter.de\/index.php\/2022\/02\/18\/gemeinsam-fuer-eine-digitale-zukunft\/#primaryimage"},"image":{"@id":"https:\/\/rouvenkoetter.de\/index.php\/2022\/02\/18\/gemeinsam-fuer-eine-digitale-zukunft\/#primaryimage"},"thumbnailUrl":"https:\/\/rouvenkoetter.de\/wp-content\/uploads\/2022\/02\/68068BF2-2632-4FFD-A014-E827F9562C90-scaled.jpeg","datePublished":"2022-02-18T06:37:00+00:00","dateModified":"2022-02-18T07:09:23+00:00","author":{"@id":"https:\/\/rouvenkoetter.de\/#\/schema\/person\/d13789712861fd05be51c3e623e4175b"},"breadcrumb":{"@id":"https:\/\/rouvenkoetter.de\/index.php\/2022\/02\/18\/gemeinsam-fuer-eine-digitale-zukunft\/#breadcrumb"},"inLanguage":"de","potentialAction":[{"@type":"ReadAction","target":["https:\/\/rouvenkoetter.de\/index.php\/2022\/02\/18\/gemeinsam-fuer-eine-digitale-zukunft\/"]}]},{"@type":"ImageObject","inLanguage":"de","@id":"https:\/\/rouvenkoetter.de\/index.php\/2022\/02\/18\/gemeinsam-fuer-eine-digitale-zukunft\/#primaryimage","url":"https:\/\/rouvenkoetter.de\/wp-content\/uploads\/2022\/02\/68068BF2-2632-4FFD-A014-E827F9562C90-scaled.jpeg","contentUrl":"https:\/\/rouvenkoetter.de\/wp-content\/uploads\/2022\/02\/68068BF2-2632-4FFD-A014-E827F9562C90-scaled.jpeg","width":2560,"height":1440},{"@type":"BreadcrumbList","@id":"https:\/\/rouvenkoetter.de\/index.php\/2022\/02\/18\/gemeinsam-fuer-eine-digitale-zukunft\/#breadcrumb","itemListElement":[{"@type":"ListItem","position":1,"name":"Startseite","item":"https:\/\/rouvenkoetter.de\/"},{"@type":"ListItem","position":2,"name":"Gemeinsam f\u00fcr eine digitale Zukunft"}]},{"@type":"WebSite","@id":"https:\/\/rouvenkoetter.de\/#website","url":"https:\/\/rouvenkoetter.de\/","name":"Rouven K\u00f6tter","description":"#HeimatMacher","potentialAction":[{"@type":"SearchAction","target":{"@type":"EntryPoint","urlTemplate":"https:\/\/rouvenkoetter.de\/?s={search_term_string}"},"query-input":{"@type":"PropertyValueSpecification","valueRequired":true,"valueName":"search_term_string"}}],"inLanguage":"de"},{"@type":"Person","@id":"https:\/\/rouvenkoetter.de\/#\/schema\/person\/d13789712861fd05be51c3e623e4175b","name":"Rouven K\u00f6tter","url":"https:\/\/rouvenkoetter.de\/index.php\/author\/koetter\/"}]}},"_links":{"self":[{"href":"https:\/\/rouvenkoetter.de\/index.php\/wp-json\/wp\/v2\/posts\/225","targetHints":{"allow":["GET"]}}],"collection":[{"href":"https:\/\/rouvenkoetter.de\/index.php\/wp-json\/wp\/v2\/posts"}],"about":[{"href":"https:\/\/rouvenkoetter.de\/index.php\/wp-json\/wp\/v2\/types\/post"}],"author":[{"embeddable":true,"href":"https:\/\/rouvenkoetter.de\/index.php\/wp-json\/wp\/v2\/users\/2"}],"replies":[{"embeddable":true,"href":"https:\/\/rouvenkoetter.de\/index.php\/wp-json\/wp\/v2\/comments?post=225"}],"version-history":[{"count":1,"href":"https:\/\/rouvenkoetter.de\/index.php\/wp-json\/wp\/v2\/posts\/225\/revisions"}],"predecessor-version":[{"id":228,"href":"https:\/\/rouvenkoetter.de\/index.php\/wp-json\/wp\/v2\/posts\/225\/revisions\/228"}],"wp:featuredmedia":[{"embeddable":true,"href":"https:\/\/rouvenkoetter.de\/index.php\/wp-json\/wp\/v2\/media\/227"}],"wp:attachment":[{"href":"https:\/\/rouvenkoetter.de\/index.php\/wp-json\/wp\/v2\/media?parent=225"}],"wp:term":[{"taxonomy":"category","embeddable":true,"href":"https:\/\/rouvenkoetter.de\/index.php\/wp-json\/wp\/v2\/categories?post=225"},{"taxonomy":"post_tag","embeddable":true,"href":"https:\/\/rouvenkoetter.de\/index.php\/wp-json\/wp\/v2\/tags?post=225"}],"curies":[{"name":"wp","href":"https:\/\/api.w.org\/{rel}","templated":true}]}}