{"id":419,"date":"2022-09-22T17:07:26","date_gmt":"2022-09-22T15:07:26","guid":{"rendered":"https:\/\/rouvenkoetter.de\/?p=419"},"modified":"2022-09-22T17:07:26","modified_gmt":"2022-09-22T15:07:26","slug":"auszeichung-fuer-rosbach","status":"publish","type":"post","link":"https:\/\/rouvenkoetter.de\/index.php\/2022\/09\/22\/auszeichung-fuer-rosbach\/","title":{"rendered":"Auszeichung f\u00fcr Rosbach"},"content":{"rendered":"\n<p>Regionalverband&nbsp;vergibt Auszeichnung f\u00fcr&nbsp;<br>vorbildliche Streuobststrategie und Schutzkonzept<\/p>\n\n\n\n<p>Die&nbsp;Stadt&nbsp;Rosbach vor der H\u00f6he&nbsp;ist&nbsp;vom Regionalverband FrankfurtRheinMain als&nbsp;\u201eStreuobstkommune 2022\u201c&nbsp;ausgezeichnet&nbsp;worden. Der Erste Beigeordnete des Regionalverbands Rouven K\u00f6tter \u00fcbergab die Auszeichnung&nbsp;j\u00fcngst&nbsp;im Rahmen des&nbsp;Apfelfests des \u00f6rtlichen Obst- und Gartenbauvereins an B\u00fcrgermeister Steffen Maar und die Bl\u00fctenk\u00f6nigin Mathilda I.&nbsp;<\/p>\n\n\n\n<p>\u201eRosbach vor der H\u00f6he&nbsp;hat die Jury vor allem durch seine im Februar 2022 vorgelegte Streuobststrategie begeistert.&nbsp;Gro\u00dfartig, wie im Schulterschluss mit vielen \u00f6rtlichen Streuobstaktiven ein Schutzkonzept erstellt und&nbsp;dann&nbsp;zeitnah&nbsp;umgesetzt&nbsp;wurde\u201c, sagte K\u00f6tter.&nbsp;\u201eIch freue mich, dass wir seitens des Regionalverbands dabei unterst\u00fctzen konnten und dass wir die Aktivit\u00e4ten der Stadt Rosbach nun mit dieser Auszeichnung w\u00fcrdigen k\u00f6nnen.\u201c<\/p>\n\n\n\n<p>B\u00fcrgermeister Steffen Maar freute sich \u00fcber die Auszeichnung und die damit verbundene Anerkennung: \u201eDie Auszeichnung als Streuobstkommune 2022 gibt&nbsp;uns weiteren R\u00fcckenwind f\u00fcr unsere Streuobststrategie.&nbsp;In der Stadt Rosbach gibt es sehr viele Streuobstwiesen und wir wollen diese als Naherholungsraum und wichtige \u00f6kologische Areale erhalten und pflegen.\u201c<\/p>\n\n\n\n<figure class=\"wp-block-image size-large\"><img loading=\"lazy\" decoding=\"async\" width=\"1024\" height=\"984\" src=\"https:\/\/rouvenkoetter.de\/wp-content\/uploads\/2022\/09\/77ED4641-F8D4-4AD0-B64C-9E7E903D953A-1024x984.jpeg\" alt=\"\" class=\"wp-image-421\" srcset=\"https:\/\/rouvenkoetter.de\/wp-content\/uploads\/2022\/09\/77ED4641-F8D4-4AD0-B64C-9E7E903D953A-1024x984.jpeg 1024w, https:\/\/rouvenkoetter.de\/wp-content\/uploads\/2022\/09\/77ED4641-F8D4-4AD0-B64C-9E7E903D953A-300x288.jpeg 300w, https:\/\/rouvenkoetter.de\/wp-content\/uploads\/2022\/09\/77ED4641-F8D4-4AD0-B64C-9E7E903D953A-768x738.jpeg 768w, https:\/\/rouvenkoetter.de\/wp-content\/uploads\/2022\/09\/77ED4641-F8D4-4AD0-B64C-9E7E903D953A.jpeg 1391w\" sizes=\"(max-width: 1024px) 100vw, 1024px\" \/><\/figure>\n\n\n\n<p>\u201eDie Auszeichnung&nbsp;ist ein sichtbares Zeichen daf\u00fcr, dass wir uns auf&nbsp;dem richtigen&nbsp;Weg befinden.&nbsp;Vielen Dank an alle ehrenamtlichen Akteure, die diese Arbeit mit Herzblut angehen\u201c,&nbsp;erg\u00e4nzte Nieder-Rosbachs Ortsvorsteher Dr. Philipp Gerlach.<\/p>\n\n\n\n<p>Die Streuobststrategie&nbsp;der Stadt&nbsp;basiert auf einer B\u00fcrgerbefragung zum Unterst\u00fctzungsbedarf bei der Streuobstpflege. Bei der Umfrage und Konzept wurde der Regionalverband FrankfurtRheinMain beratend hinzugezogen.&nbsp;<\/p>\n\n\n\n<p>Dabei gibt es drei Schwerpunkte: Unterst\u00fctzung und F\u00f6rderung, Sensibilisierung und Administrative Ma\u00dfnahmen. Diesen Schwerpunkten sind 18 Handlungsfelder zugeordnet \u2013 von der Schaffung kommunaler Ansprechpersonen bis zur Einbindung von Schulen und Kinderg\u00e4rten.&nbsp;<\/p>\n\n\n\n<p>Begeistert zeigte sich die Wettbewerbsjury auch vom inhaltlichen Konzept: Dazu z\u00e4hlen ein F\u00f6rdertopf f\u00fcr Neupflanzung und Pflege, H\u00e4ckseltage, Schnittkurse, Sortenbestimmung, Kartierung, die Apfelwein und Obstwiesenroute sowie Aktionstage.&nbsp;<\/p>\n\n\n\n<p>Vorbildlich ist ebenso die Abstimmung und die Kooperation mit den lokalen Streuobstaktiven, Obst- und Gartenbauvereinen, Naturschutzverb\u00e4nden und Ortslandwirten.<\/p>\n\n\n\n<p>Neben Urkunde, Plakette und Troph\u00e4e kann man sich in&nbsp;Rosbach v.d.&nbsp;H\u00f6he&nbsp;\u00fcber zwei sehr konkrete, praktische Preise freuen: Die mobile Kelter des Main\u00c4ppelHauses wird im kommenden Jahr Station in&nbsp;Rosbach v.d. H\u00f6he&nbsp;machen&nbsp;und der Streuobstwiesenexperte Josef Weimer&nbsp;wird&nbsp;eine kostenlose Fortbildung anbieten.<\/p>\n\n\n\n<figure class=\"wp-block-image size-large\"><img loading=\"lazy\" decoding=\"async\" width=\"768\" height=\"1024\" src=\"https:\/\/rouvenkoetter.de\/wp-content\/uploads\/2022\/09\/A6B03461-EA13-4677-804E-233E25A02D0B-768x1024.jpeg\" alt=\"\" class=\"wp-image-422\" srcset=\"https:\/\/rouvenkoetter.de\/wp-content\/uploads\/2022\/09\/A6B03461-EA13-4677-804E-233E25A02D0B-768x1024.jpeg 768w, https:\/\/rouvenkoetter.de\/wp-content\/uploads\/2022\/09\/A6B03461-EA13-4677-804E-233E25A02D0B-225x300.jpeg 225w, https:\/\/rouvenkoetter.de\/wp-content\/uploads\/2022\/09\/A6B03461-EA13-4677-804E-233E25A02D0B-1152x1536.jpeg 1152w, https:\/\/rouvenkoetter.de\/wp-content\/uploads\/2022\/09\/A6B03461-EA13-4677-804E-233E25A02D0B-1536x2048.jpeg 1536w, https:\/\/rouvenkoetter.de\/wp-content\/uploads\/2022\/09\/A6B03461-EA13-4677-804E-233E25A02D0B-1568x2091.jpeg 1568w, https:\/\/rouvenkoetter.de\/wp-content\/uploads\/2022\/09\/A6B03461-EA13-4677-804E-233E25A02D0B-scaled.jpeg 1920w\" sizes=\"(max-width: 768px) 100vw, 768px\" \/><\/figure>\n\n\n\n<p>In dem vom Regionalverband ausgelobten Wettbewerb&nbsp;\u201eStreuobstkommune des Jahres\u201c&nbsp;gibt es 2022 insgesamt drei Siegerkommunen: Neben&nbsp;Rosbach vor der H\u00f6he werden auch Ranstadt und&nbsp;Bad Homburg&nbsp;vor der H\u00f6he f\u00fcr ihre Streuobst-Aktivit\u00e4ten ausgezeichnet.<\/p>\n\n\n\n<p>Bildunterschrift: Erster Beigeordneter Rouven K\u00f6tter und der regionale Streuobstbeauftragte Bastian\u00a0Sauer \u00fcberreichen die Auszeichnung an Rosbachs B\u00fcrgermeister Steffen Maar und die Rosbacher Bl\u00fctenk\u00f6nigin\u00a0Mathilda I. (von rechts)<\/p>\n\n\n\n<p>Quelle: Pressedienst Regionalverband FrankfurtRheinMain<\/p>\n","protected":false},"excerpt":{"rendered":"<p>Regionalverband&nbsp;vergibt Auszeichnung f\u00fcr&nbsp;vorbildliche Streuobststrategie und Schutzkonzept Die&nbsp;Stadt&nbsp;Rosbach vor der H\u00f6he&nbsp;ist&nbsp;vom Regionalverband FrankfurtRheinMain als&nbsp;\u201eStreuobstkommune 2022\u201c&nbsp;ausgezeichnet&nbsp;worden. Der Erste Beigeordnete des Regionalverbands Rouven K\u00f6tter \u00fcbergab die Auszeichnung&nbsp;j\u00fcngst&nbsp;im Rahmen des&nbsp;Apfelfests des \u00f6rtlichen Obst- und Gartenbauvereins an B\u00fcrgermeister Steffen Maar und die Bl\u00fctenk\u00f6nigin Mathilda I.&nbsp; \u201eRosbach vor der H\u00f6he&nbsp;hat die Jury vor allem durch seine im Februar 2022 vorgelegte Streuobststrategie [&hellip;]<\/p>\n","protected":false},"author":2,"featured_media":420,"comment_status":"closed","ping_status":"","sticky":false,"template":"","format":"standard","meta":{"_et_pb_use_builder":"","_et_pb_old_content":"","_et_gb_content_width":"","footnotes":""},"categories":[1],"tags":[8,130,126,11],"class_list":["post-419","post","type-post","status-publish","format-standard","has-post-thumbnail","hentry","category-allgemein","tag-regionalverband","tag-rosbach","tag-streuobstkommune","tag-wetteraukreis"],"yoast_head":"<!-- This site is optimized with the Yoast SEO Premium plugin v20.4 (Yoast SEO v24.1) - https:\/\/yoast.com\/wordpress\/plugins\/seo\/ -->\n<title>Auszeichung f\u00fcr Rosbach - Rouven K\u00f6tter<\/title>\n<meta name=\"robots\" content=\"index, follow, max-snippet:-1, max-image-preview:large, max-video-preview:-1\" \/>\n<link rel=\"canonical\" href=\"https:\/\/rouvenkoetter.de\/index.php\/2022\/09\/22\/auszeichung-fuer-rosbach\/\" \/>\n<meta property=\"og:locale\" content=\"de_DE\" \/>\n<meta property=\"og:type\" content=\"article\" \/>\n<meta property=\"og:title\" content=\"Auszeichung f\u00fcr Rosbach\" \/>\n<meta property=\"og:description\" content=\"Regionalverband&nbsp;vergibt Auszeichnung f\u00fcr&nbsp;vorbildliche Streuobststrategie und Schutzkonzept Die&nbsp;Stadt&nbsp;Rosbach vor der H\u00f6he&nbsp;ist&nbsp;vom Regionalverband FrankfurtRheinMain als&nbsp;\u201eStreuobstkommune 2022\u201c&nbsp;ausgezeichnet&nbsp;worden. Der Erste Beigeordnete des Regionalverbands Rouven K\u00f6tter \u00fcbergab die Auszeichnung&nbsp;j\u00fcngst&nbsp;im Rahmen des&nbsp;Apfelfests des \u00f6rtlichen Obst- und Gartenbauvereins an B\u00fcrgermeister Steffen Maar und die Bl\u00fctenk\u00f6nigin Mathilda I.&nbsp; \u201eRosbach vor der H\u00f6he&nbsp;hat die Jury vor allem durch seine im Februar 2022 vorgelegte Streuobststrategie [&hellip;]\" \/>\n<meta property=\"og:url\" content=\"https:\/\/rouvenkoetter.de\/index.php\/2022\/09\/22\/auszeichung-fuer-rosbach\/\" \/>\n<meta property=\"og:site_name\" content=\"Rouven K\u00f6tter\" \/>\n<meta property=\"article:published_time\" content=\"2022-09-22T15:07:26+00:00\" \/>\n<meta property=\"og:image\" content=\"https:\/\/rouvenkoetter.de\/wp-content\/uploads\/2022\/09\/CA1A0425-152C-4581-8957-80380227BEF1.jpeg\" \/>\n\t<meta property=\"og:image:width\" content=\"1194\" \/>\n\t<meta property=\"og:image:height\" content=\"672\" \/>\n\t<meta property=\"og:image:type\" content=\"image\/jpeg\" \/>\n<meta name=\"author\" content=\"Rouven K\u00f6tter\" \/>\n<meta name=\"twitter:card\" content=\"summary_large_image\" \/>\n<meta name=\"twitter:label1\" content=\"Verfasst von\" \/>\n\t<meta name=\"twitter:data1\" content=\"Rouven K\u00f6tter\" \/>\n\t<meta name=\"twitter:label2\" content=\"Gesch\u00e4tzte Lesezeit\" \/>\n\t<meta name=\"twitter:data2\" content=\"2\u00a0Minuten\" \/>\n<script type=\"application\/ld+json\" class=\"yoast-schema-graph\">{\"@context\":\"https:\/\/schema.org\",\"@graph\":[{\"@type\":\"WebPage\",\"@id\":\"https:\/\/rouvenkoetter.de\/index.php\/2022\/09\/22\/auszeichung-fuer-rosbach\/\",\"url\":\"https:\/\/rouvenkoetter.de\/index.php\/2022\/09\/22\/auszeichung-fuer-rosbach\/\",\"name\":\"Auszeichung f\u00fcr Rosbach - Rouven K\u00f6tter\",\"isPartOf\":{\"@id\":\"https:\/\/rouvenkoetter.de\/#website\"},\"primaryImageOfPage\":{\"@id\":\"https:\/\/rouvenkoetter.de\/index.php\/2022\/09\/22\/auszeichung-fuer-rosbach\/#primaryimage\"},\"image\":{\"@id\":\"https:\/\/rouvenkoetter.de\/index.php\/2022\/09\/22\/auszeichung-fuer-rosbach\/#primaryimage\"},\"thumbnailUrl\":\"https:\/\/rouvenkoetter.de\/wp-content\/uploads\/2022\/09\/CA1A0425-152C-4581-8957-80380227BEF1.jpeg\",\"datePublished\":\"2022-09-22T15:07:26+00:00\",\"dateModified\":\"2022-09-22T15:07:26+00:00\",\"author\":{\"@id\":\"https:\/\/rouvenkoetter.de\/#\/schema\/person\/d13789712861fd05be51c3e623e4175b\"},\"breadcrumb\":{\"@id\":\"https:\/\/rouvenkoetter.de\/index.php\/2022\/09\/22\/auszeichung-fuer-rosbach\/#breadcrumb\"},\"inLanguage\":\"de\",\"potentialAction\":[{\"@type\":\"ReadAction\",\"target\":[\"https:\/\/rouvenkoetter.de\/index.php\/2022\/09\/22\/auszeichung-fuer-rosbach\/\"]}]},{\"@type\":\"ImageObject\",\"inLanguage\":\"de\",\"@id\":\"https:\/\/rouvenkoetter.de\/index.php\/2022\/09\/22\/auszeichung-fuer-rosbach\/#primaryimage\",\"url\":\"https:\/\/rouvenkoetter.de\/wp-content\/uploads\/2022\/09\/CA1A0425-152C-4581-8957-80380227BEF1.jpeg\",\"contentUrl\":\"https:\/\/rouvenkoetter.de\/wp-content\/uploads\/2022\/09\/CA1A0425-152C-4581-8957-80380227BEF1.jpeg\",\"width\":1194,\"height\":672},{\"@type\":\"BreadcrumbList\",\"@id\":\"https:\/\/rouvenkoetter.de\/index.php\/2022\/09\/22\/auszeichung-fuer-rosbach\/#breadcrumb\",\"itemListElement\":[{\"@type\":\"ListItem\",\"position\":1,\"name\":\"Startseite\",\"item\":\"https:\/\/rouvenkoetter.de\/\"},{\"@type\":\"ListItem\",\"position\":2,\"name\":\"Auszeichung f\u00fcr Rosbach\"}]},{\"@type\":\"WebSite\",\"@id\":\"https:\/\/rouvenkoetter.de\/#website\",\"url\":\"https:\/\/rouvenkoetter.de\/\",\"name\":\"Rouven K\u00f6tter\",\"description\":\"#HeimatMacher\",\"potentialAction\":[{\"@type\":\"SearchAction\",\"target\":{\"@type\":\"EntryPoint\",\"urlTemplate\":\"https:\/\/rouvenkoetter.de\/?s={search_term_string}\"},\"query-input\":{\"@type\":\"PropertyValueSpecification\",\"valueRequired\":true,\"valueName\":\"search_term_string\"}}],\"inLanguage\":\"de\"},{\"@type\":\"Person\",\"@id\":\"https:\/\/rouvenkoetter.de\/#\/schema\/person\/d13789712861fd05be51c3e623e4175b\",\"name\":\"Rouven K\u00f6tter\",\"url\":\"https:\/\/rouvenkoetter.de\/index.php\/author\/koetter\/\"}]}<\/script>\n<!-- \/ Yoast SEO Premium plugin. -->","yoast_head_json":{"title":"Auszeichung f\u00fcr Rosbach - Rouven K\u00f6tter","robots":{"index":"index","follow":"follow","max-snippet":"max-snippet:-1","max-image-preview":"max-image-preview:large","max-video-preview":"max-video-preview:-1"},"canonical":"https:\/\/rouvenkoetter.de\/index.php\/2022\/09\/22\/auszeichung-fuer-rosbach\/","og_locale":"de_DE","og_type":"article","og_title":"Auszeichung f\u00fcr Rosbach","og_description":"Regionalverband&nbsp;vergibt Auszeichnung f\u00fcr&nbsp;vorbildliche Streuobststrategie und Schutzkonzept Die&nbsp;Stadt&nbsp;Rosbach vor der H\u00f6he&nbsp;ist&nbsp;vom Regionalverband FrankfurtRheinMain als&nbsp;\u201eStreuobstkommune 2022\u201c&nbsp;ausgezeichnet&nbsp;worden. Der Erste Beigeordnete des Regionalverbands Rouven K\u00f6tter \u00fcbergab die Auszeichnung&nbsp;j\u00fcngst&nbsp;im Rahmen des&nbsp;Apfelfests des \u00f6rtlichen Obst- und Gartenbauvereins an B\u00fcrgermeister Steffen Maar und die Bl\u00fctenk\u00f6nigin Mathilda I.&nbsp; \u201eRosbach vor der H\u00f6he&nbsp;hat die Jury vor allem durch seine im Februar 2022 vorgelegte Streuobststrategie [&hellip;]","og_url":"https:\/\/rouvenkoetter.de\/index.php\/2022\/09\/22\/auszeichung-fuer-rosbach\/","og_site_name":"Rouven K\u00f6tter","article_published_time":"2022-09-22T15:07:26+00:00","og_image":[{"width":1194,"height":672,"url":"https:\/\/rouvenkoetter.de\/wp-content\/uploads\/2022\/09\/CA1A0425-152C-4581-8957-80380227BEF1.jpeg","type":"image\/jpeg"}],"author":"Rouven K\u00f6tter","twitter_card":"summary_large_image","twitter_misc":{"Verfasst von":"Rouven K\u00f6tter","Gesch\u00e4tzte Lesezeit":"2\u00a0Minuten"},"schema":{"@context":"https:\/\/schema.org","@graph":[{"@type":"WebPage","@id":"https:\/\/rouvenkoetter.de\/index.php\/2022\/09\/22\/auszeichung-fuer-rosbach\/","url":"https:\/\/rouvenkoetter.de\/index.php\/2022\/09\/22\/auszeichung-fuer-rosbach\/","name":"Auszeichung f\u00fcr Rosbach - Rouven K\u00f6tter","isPartOf":{"@id":"https:\/\/rouvenkoetter.de\/#website"},"primaryImageOfPage":{"@id":"https:\/\/rouvenkoetter.de\/index.php\/2022\/09\/22\/auszeichung-fuer-rosbach\/#primaryimage"},"image":{"@id":"https:\/\/rouvenkoetter.de\/index.php\/2022\/09\/22\/auszeichung-fuer-rosbach\/#primaryimage"},"thumbnailUrl":"https:\/\/rouvenkoetter.de\/wp-content\/uploads\/2022\/09\/CA1A0425-152C-4581-8957-80380227BEF1.jpeg","datePublished":"2022-09-22T15:07:26+00:00","dateModified":"2022-09-22T15:07:26+00:00","author":{"@id":"https:\/\/rouvenkoetter.de\/#\/schema\/person\/d13789712861fd05be51c3e623e4175b"},"breadcrumb":{"@id":"https:\/\/rouvenkoetter.de\/index.php\/2022\/09\/22\/auszeichung-fuer-rosbach\/#breadcrumb"},"inLanguage":"de","potentialAction":[{"@type":"ReadAction","target":["https:\/\/rouvenkoetter.de\/index.php\/2022\/09\/22\/auszeichung-fuer-rosbach\/"]}]},{"@type":"ImageObject","inLanguage":"de","@id":"https:\/\/rouvenkoetter.de\/index.php\/2022\/09\/22\/auszeichung-fuer-rosbach\/#primaryimage","url":"https:\/\/rouvenkoetter.de\/wp-content\/uploads\/2022\/09\/CA1A0425-152C-4581-8957-80380227BEF1.jpeg","contentUrl":"https:\/\/rouvenkoetter.de\/wp-content\/uploads\/2022\/09\/CA1A0425-152C-4581-8957-80380227BEF1.jpeg","width":1194,"height":672},{"@type":"BreadcrumbList","@id":"https:\/\/rouvenkoetter.de\/index.php\/2022\/09\/22\/auszeichung-fuer-rosbach\/#breadcrumb","itemListElement":[{"@type":"ListItem","position":1,"name":"Startseite","item":"https:\/\/rouvenkoetter.de\/"},{"@type":"ListItem","position":2,"name":"Auszeichung f\u00fcr Rosbach"}]},{"@type":"WebSite","@id":"https:\/\/rouvenkoetter.de\/#website","url":"https:\/\/rouvenkoetter.de\/","name":"Rouven K\u00f6tter","description":"#HeimatMacher","potentialAction":[{"@type":"SearchAction","target":{"@type":"EntryPoint","urlTemplate":"https:\/\/rouvenkoetter.de\/?s={search_term_string}"},"query-input":{"@type":"PropertyValueSpecification","valueRequired":true,"valueName":"search_term_string"}}],"inLanguage":"de"},{"@type":"Person","@id":"https:\/\/rouvenkoetter.de\/#\/schema\/person\/d13789712861fd05be51c3e623e4175b","name":"Rouven K\u00f6tter","url":"https:\/\/rouvenkoetter.de\/index.php\/author\/koetter\/"}]}},"_links":{"self":[{"href":"https:\/\/rouvenkoetter.de\/index.php\/wp-json\/wp\/v2\/posts\/419","targetHints":{"allow":["GET"]}}],"collection":[{"href":"https:\/\/rouvenkoetter.de\/index.php\/wp-json\/wp\/v2\/posts"}],"about":[{"href":"https:\/\/rouvenkoetter.de\/index.php\/wp-json\/wp\/v2\/types\/post"}],"author":[{"embeddable":true,"href":"https:\/\/rouvenkoetter.de\/index.php\/wp-json\/wp\/v2\/users\/2"}],"replies":[{"embeddable":true,"href":"https:\/\/rouvenkoetter.de\/index.php\/wp-json\/wp\/v2\/comments?post=419"}],"version-history":[{"count":1,"href":"https:\/\/rouvenkoetter.de\/index.php\/wp-json\/wp\/v2\/posts\/419\/revisions"}],"predecessor-version":[{"id":423,"href":"https:\/\/rouvenkoetter.de\/index.php\/wp-json\/wp\/v2\/posts\/419\/revisions\/423"}],"wp:featuredmedia":[{"embeddable":true,"href":"https:\/\/rouvenkoetter.de\/index.php\/wp-json\/wp\/v2\/media\/420"}],"wp:attachment":[{"href":"https:\/\/rouvenkoetter.de\/index.php\/wp-json\/wp\/v2\/media?parent=419"}],"wp:term":[{"taxonomy":"category","embeddable":true,"href":"https:\/\/rouvenkoetter.de\/index.php\/wp-json\/wp\/v2\/categories?post=419"},{"taxonomy":"post_tag","embeddable":true,"href":"https:\/\/rouvenkoetter.de\/index.php\/wp-json\/wp\/v2\/tags?post=419"}],"curies":[{"name":"wp","href":"https:\/\/api.w.org\/{rel}","templated":true}]}}