{"id":424,"date":"2022-09-24T08:09:00","date_gmt":"2022-09-24T06:09:00","guid":{"rendered":"https:\/\/rouvenkoetter.de\/?p=424"},"modified":"2022-09-23T20:12:13","modified_gmt":"2022-09-23T18:12:13","slug":"neue-rad-abstellanlagen-fuer-butzbach","status":"publish","type":"post","link":"https:\/\/rouvenkoetter.de\/index.php\/2022\/09\/24\/neue-rad-abstellanlagen-fuer-butzbach\/","title":{"rendered":"Neue Rad- Abstellanlagen f\u00fcr Butzbach"},"content":{"rendered":"\n<p>Stadt und Regionalverband sorgen gemeinsam f\u00fcr neue Radboxen und Stellpl\u00e4tze im gesamten Stadtgebiet \u2013 Einweihung im Rahmen der europ\u00e4ischen Mobilit\u00e4tswoche<\/p>\n\n\n\n<p>Die Stadt Butzbach k\u00fcmmert sich um die Nahmobilit\u00e4t und modernisiert ihre Radverkehrsinfrastruktur. Eine neue Radabstellanlage ist k\u00fcrzlich gemeinsam mit Vertretern der Stadt und des Regionalverbands FrankfurtRheinMain am Butzbacher Marktplatz eingeweiht worden. An Infotafeln wurde \u00fcber weitere geplante Radabstell-Standorte informieren.<\/p>\n\n\n\n<p>Butzbachs B\u00fcrgermeister Michael Merle (SPD) freut sich \u00fcber die neuen Radabstellanlagen, die k\u00fcnftig den Radverkehr erleichtern werden. \u201eDie Nahmobilit\u00e4t ist f\u00fcr uns enorm wichtig und wir wollen unsere Stadt so aufstellen, dass Radfahren und zu Fu\u00df gehen mit hoher Aufenthalts- und Bewegungsqualit\u00e4t verbunden sind. Wir m\u00f6chten den B\u00fcrgerinnen und B\u00fcrgern eine zeitgem\u00e4\u00dfe Radinfrastruktur bieten. Ein herzliches Dankesch\u00f6n geht an Rouven K\u00f6tter und sein Team im Regionalverband f\u00fcr die Unterst\u00fctzung und den guten Projektablauf\u201c, sagte Merle.<\/p>\n\n\n\n<figure class=\"wp-block-image size-large\"><img loading=\"lazy\" decoding=\"async\" width=\"1024\" height=\"663\" src=\"https:\/\/rouvenkoetter.de\/wp-content\/uploads\/2022\/09\/E1240676-E5EA-4F46-9642-936FED268B45-1024x663.jpeg\" alt=\"\" class=\"wp-image-430\" srcset=\"https:\/\/rouvenkoetter.de\/wp-content\/uploads\/2022\/09\/E1240676-E5EA-4F46-9642-936FED268B45-1024x663.jpeg 1024w, https:\/\/rouvenkoetter.de\/wp-content\/uploads\/2022\/09\/E1240676-E5EA-4F46-9642-936FED268B45-300x194.jpeg 300w, https:\/\/rouvenkoetter.de\/wp-content\/uploads\/2022\/09\/E1240676-E5EA-4F46-9642-936FED268B45-768x498.jpeg 768w, https:\/\/rouvenkoetter.de\/wp-content\/uploads\/2022\/09\/E1240676-E5EA-4F46-9642-936FED268B45-1536x995.jpeg 1536w, https:\/\/rouvenkoetter.de\/wp-content\/uploads\/2022\/09\/E1240676-E5EA-4F46-9642-936FED268B45-2048x1327.jpeg 2048w, https:\/\/rouvenkoetter.de\/wp-content\/uploads\/2022\/09\/E1240676-E5EA-4F46-9642-936FED268B45-1568x1016.jpeg 1568w\" sizes=\"(max-width: 1024px) 100vw, 1024px\" \/><\/figure>\n\n\n\n<p>\u201eDer Regionalverband unterst\u00fctzt seine Mitgliedskommunen dabei, sichere und komfortable Radabstellanlagen zu schaffen. Ich freue mich sehr, dass dies im Stadtgebiet von Butzbach so gut gelingt. Gemeinsam arbeiten wir im Zuge unserer Mobilit\u00e4tsstrategie daran, den Radverkehr in der Region zu st\u00e4rken und immer mehr Menschen vom Umstieg auf Fahrrad, Bus und Bahn zu \u00fcberzeugen. Daf\u00fcr muss deren Nutzung aber komfortabel, sicher, verl\u00e4sslich und attraktiv sein\u201c, sagte Rouven K\u00f6tter (SPD), Erster Beigeordneter des Regionalverbands FrankfurtRheinMain und zust\u00e4ndig f\u00fcr den Bereich Mobilit\u00e4t.<\/p>\n\n\n\n<p>Insgesamt sind in Butzbach 202 Stellpl\u00e4tze, 14 Multifunktionsboxen und 4 Energy-Safes an sieben Standorten vorgesehen. Diese sind teils schon gebaut oder sollen bis Ende des Jahres gebaut werden. Vorgestellt wurden die Radabstellanlagen im Rahmen der Europ\u00e4ischen Mobilit\u00e4tswoche.&nbsp;<\/p>\n\n\n\n<p>Die Umsetzung des Butzbacher Projekts geschieht im Zuge des 4. Bike+Ride-Sammelantrags, der federf\u00fchrend vom Regionalverband FrankfurtRheinMain betreut wird. Daran beteiligt sind die Kommunen Butzbach, Steinbach (Taunus) und W\u00f6lfersheim. F\u00fcr das 480.800 Euro teure Radinfrastrukturprojekt in Butzbach warb der Regionalverband 411.000 Euro F\u00f6rdergelder ein, was einer F\u00f6rderquote von 80 Prozent entspricht.<\/p>\n\n\n\n<p>Als Dienstleister hilft der Regionalverband FrankfurtRheinMain seinen Mitgliedskommunen, an strategisch wichtigen Knotenpunkten des intermodalen Verkehrs Fahrradabstellanlagen zu schaffen bzw. diese zu modernisieren, indem er im Zuge von Bike+Ride-Sammelantr\u00e4gen F\u00f6rdermittel im Rahmen der Infrastrukturf\u00f6rderprogramme des Landes Hessen einwirbt.<\/p>\n\n\n\n<p>Dabei fungiert der Regionalverband als Antragsteller, koordiniert und betreut den kompletten Ablauf, ist Ansprechpartner f\u00fcr die Kommunen sowie Hessen Mobil und bringt seine Erfahrung aus mittlerweile sechs Sammelantr\u00e4gen mit ein.<\/p>\n\n\n\n<p>Quelle: Pressedienst des Regionalverbands FrankfurtRheinMain<\/p>\n","protected":false},"excerpt":{"rendered":"<p>Stadt und Regionalverband sorgen gemeinsam f\u00fcr neue Radboxen und Stellpl\u00e4tze im gesamten Stadtgebiet \u2013 Einweihung im Rahmen der europ\u00e4ischen Mobilit\u00e4tswoche Die Stadt Butzbach k\u00fcmmert sich um die Nahmobilit\u00e4t und modernisiert ihre Radverkehrsinfrastruktur. Eine neue Radabstellanlage ist k\u00fcrzlich gemeinsam mit Vertretern der Stadt und des Regionalverbands FrankfurtRheinMain am Butzbacher Marktplatz eingeweiht worden. An Infotafeln wurde \u00fcber [&hellip;]<\/p>\n","protected":false},"author":2,"featured_media":429,"comment_status":"closed","ping_status":"","sticky":false,"template":"","format":"standard","meta":{"_et_pb_use_builder":"","_et_pb_old_content":"","_et_gb_content_width":"","footnotes":""},"categories":[1],"tags":[131,102,8,11],"class_list":["post-424","post","type-post","status-publish","format-standard","has-post-thumbnail","hentry","category-allgemein","tag-butzbach","tag-radinfrastruktur","tag-regionalverband","tag-wetteraukreis"],"yoast_head":"<!-- This site is optimized with the Yoast SEO Premium plugin v20.4 (Yoast SEO v24.1) - https:\/\/yoast.com\/wordpress\/plugins\/seo\/ -->\n<title>Neue Rad- Abstellanlagen f\u00fcr Butzbach - Rouven K\u00f6tter<\/title>\n<meta name=\"robots\" content=\"index, follow, max-snippet:-1, max-image-preview:large, max-video-preview:-1\" \/>\n<link rel=\"canonical\" href=\"https:\/\/rouvenkoetter.de\/index.php\/2022\/09\/24\/neue-rad-abstellanlagen-fuer-butzbach\/\" \/>\n<meta property=\"og:locale\" content=\"de_DE\" \/>\n<meta property=\"og:type\" content=\"article\" \/>\n<meta property=\"og:title\" content=\"Neue Rad- Abstellanlagen f\u00fcr Butzbach\" \/>\n<meta property=\"og:description\" content=\"Stadt und Regionalverband sorgen gemeinsam f\u00fcr neue Radboxen und Stellpl\u00e4tze im gesamten Stadtgebiet \u2013 Einweihung im Rahmen der europ\u00e4ischen Mobilit\u00e4tswoche Die Stadt Butzbach k\u00fcmmert sich um die Nahmobilit\u00e4t und modernisiert ihre Radverkehrsinfrastruktur. Eine neue Radabstellanlage ist k\u00fcrzlich gemeinsam mit Vertretern der Stadt und des Regionalverbands FrankfurtRheinMain am Butzbacher Marktplatz eingeweiht worden. An Infotafeln wurde \u00fcber [&hellip;]\" \/>\n<meta property=\"og:url\" content=\"https:\/\/rouvenkoetter.de\/index.php\/2022\/09\/24\/neue-rad-abstellanlagen-fuer-butzbach\/\" \/>\n<meta property=\"og:site_name\" content=\"Rouven K\u00f6tter\" \/>\n<meta property=\"article:published_time\" content=\"2022-09-24T06:09:00+00:00\" \/>\n<meta property=\"article:modified_time\" content=\"2022-09-23T18:12:13+00:00\" \/>\n<meta property=\"og:image\" content=\"https:\/\/rouvenkoetter.de\/wp-content\/uploads\/2022\/09\/DD9BCB8A-6977-49E2-8CB8-CEA4207F57F8-scaled.jpeg\" \/>\n\t<meta property=\"og:image:width\" content=\"2560\" \/>\n\t<meta property=\"og:image:height\" content=\"1440\" \/>\n\t<meta property=\"og:image:type\" content=\"image\/jpeg\" \/>\n<meta name=\"author\" content=\"Rouven K\u00f6tter\" \/>\n<meta name=\"twitter:card\" content=\"summary_large_image\" \/>\n<meta name=\"twitter:label1\" content=\"Verfasst von\" \/>\n\t<meta name=\"twitter:data1\" content=\"Rouven K\u00f6tter\" \/>\n\t<meta name=\"twitter:label2\" content=\"Gesch\u00e4tzte Lesezeit\" \/>\n\t<meta name=\"twitter:data2\" content=\"2\u00a0Minuten\" \/>\n<script type=\"application\/ld+json\" class=\"yoast-schema-graph\">{\"@context\":\"https:\/\/schema.org\",\"@graph\":[{\"@type\":\"WebPage\",\"@id\":\"https:\/\/rouvenkoetter.de\/index.php\/2022\/09\/24\/neue-rad-abstellanlagen-fuer-butzbach\/\",\"url\":\"https:\/\/rouvenkoetter.de\/index.php\/2022\/09\/24\/neue-rad-abstellanlagen-fuer-butzbach\/\",\"name\":\"Neue Rad- Abstellanlagen f\u00fcr Butzbach - Rouven K\u00f6tter\",\"isPartOf\":{\"@id\":\"https:\/\/rouvenkoetter.de\/#website\"},\"primaryImageOfPage\":{\"@id\":\"https:\/\/rouvenkoetter.de\/index.php\/2022\/09\/24\/neue-rad-abstellanlagen-fuer-butzbach\/#primaryimage\"},\"image\":{\"@id\":\"https:\/\/rouvenkoetter.de\/index.php\/2022\/09\/24\/neue-rad-abstellanlagen-fuer-butzbach\/#primaryimage\"},\"thumbnailUrl\":\"https:\/\/rouvenkoetter.de\/wp-content\/uploads\/2022\/09\/DD9BCB8A-6977-49E2-8CB8-CEA4207F57F8-scaled.jpeg\",\"datePublished\":\"2022-09-24T06:09:00+00:00\",\"dateModified\":\"2022-09-23T18:12:13+00:00\",\"author\":{\"@id\":\"https:\/\/rouvenkoetter.de\/#\/schema\/person\/d13789712861fd05be51c3e623e4175b\"},\"breadcrumb\":{\"@id\":\"https:\/\/rouvenkoetter.de\/index.php\/2022\/09\/24\/neue-rad-abstellanlagen-fuer-butzbach\/#breadcrumb\"},\"inLanguage\":\"de\",\"potentialAction\":[{\"@type\":\"ReadAction\",\"target\":[\"https:\/\/rouvenkoetter.de\/index.php\/2022\/09\/24\/neue-rad-abstellanlagen-fuer-butzbach\/\"]}]},{\"@type\":\"ImageObject\",\"inLanguage\":\"de\",\"@id\":\"https:\/\/rouvenkoetter.de\/index.php\/2022\/09\/24\/neue-rad-abstellanlagen-fuer-butzbach\/#primaryimage\",\"url\":\"https:\/\/rouvenkoetter.de\/wp-content\/uploads\/2022\/09\/DD9BCB8A-6977-49E2-8CB8-CEA4207F57F8-scaled.jpeg\",\"contentUrl\":\"https:\/\/rouvenkoetter.de\/wp-content\/uploads\/2022\/09\/DD9BCB8A-6977-49E2-8CB8-CEA4207F57F8-scaled.jpeg\",\"width\":2560,\"height\":1440},{\"@type\":\"BreadcrumbList\",\"@id\":\"https:\/\/rouvenkoetter.de\/index.php\/2022\/09\/24\/neue-rad-abstellanlagen-fuer-butzbach\/#breadcrumb\",\"itemListElement\":[{\"@type\":\"ListItem\",\"position\":1,\"name\":\"Startseite\",\"item\":\"https:\/\/rouvenkoetter.de\/\"},{\"@type\":\"ListItem\",\"position\":2,\"name\":\"Neue Rad- Abstellanlagen f\u00fcr Butzbach\"}]},{\"@type\":\"WebSite\",\"@id\":\"https:\/\/rouvenkoetter.de\/#website\",\"url\":\"https:\/\/rouvenkoetter.de\/\",\"name\":\"Rouven K\u00f6tter\",\"description\":\"#HeimatMacher\",\"potentialAction\":[{\"@type\":\"SearchAction\",\"target\":{\"@type\":\"EntryPoint\",\"urlTemplate\":\"https:\/\/rouvenkoetter.de\/?s={search_term_string}\"},\"query-input\":{\"@type\":\"PropertyValueSpecification\",\"valueRequired\":true,\"valueName\":\"search_term_string\"}}],\"inLanguage\":\"de\"},{\"@type\":\"Person\",\"@id\":\"https:\/\/rouvenkoetter.de\/#\/schema\/person\/d13789712861fd05be51c3e623e4175b\",\"name\":\"Rouven K\u00f6tter\",\"url\":\"https:\/\/rouvenkoetter.de\/index.php\/author\/koetter\/\"}]}<\/script>\n<!-- \/ Yoast SEO Premium plugin. -->","yoast_head_json":{"title":"Neue Rad- Abstellanlagen f\u00fcr Butzbach - Rouven K\u00f6tter","robots":{"index":"index","follow":"follow","max-snippet":"max-snippet:-1","max-image-preview":"max-image-preview:large","max-video-preview":"max-video-preview:-1"},"canonical":"https:\/\/rouvenkoetter.de\/index.php\/2022\/09\/24\/neue-rad-abstellanlagen-fuer-butzbach\/","og_locale":"de_DE","og_type":"article","og_title":"Neue Rad- Abstellanlagen f\u00fcr Butzbach","og_description":"Stadt und Regionalverband sorgen gemeinsam f\u00fcr neue Radboxen und Stellpl\u00e4tze im gesamten Stadtgebiet \u2013 Einweihung im Rahmen der europ\u00e4ischen Mobilit\u00e4tswoche Die Stadt Butzbach k\u00fcmmert sich um die Nahmobilit\u00e4t und modernisiert ihre Radverkehrsinfrastruktur. Eine neue Radabstellanlage ist k\u00fcrzlich gemeinsam mit Vertretern der Stadt und des Regionalverbands FrankfurtRheinMain am Butzbacher Marktplatz eingeweiht worden. An Infotafeln wurde \u00fcber [&hellip;]","og_url":"https:\/\/rouvenkoetter.de\/index.php\/2022\/09\/24\/neue-rad-abstellanlagen-fuer-butzbach\/","og_site_name":"Rouven K\u00f6tter","article_published_time":"2022-09-24T06:09:00+00:00","article_modified_time":"2022-09-23T18:12:13+00:00","og_image":[{"width":2560,"height":1440,"url":"https:\/\/rouvenkoetter.de\/wp-content\/uploads\/2022\/09\/DD9BCB8A-6977-49E2-8CB8-CEA4207F57F8-scaled.jpeg","type":"image\/jpeg"}],"author":"Rouven K\u00f6tter","twitter_card":"summary_large_image","twitter_misc":{"Verfasst von":"Rouven K\u00f6tter","Gesch\u00e4tzte Lesezeit":"2\u00a0Minuten"},"schema":{"@context":"https:\/\/schema.org","@graph":[{"@type":"WebPage","@id":"https:\/\/rouvenkoetter.de\/index.php\/2022\/09\/24\/neue-rad-abstellanlagen-fuer-butzbach\/","url":"https:\/\/rouvenkoetter.de\/index.php\/2022\/09\/24\/neue-rad-abstellanlagen-fuer-butzbach\/","name":"Neue Rad- Abstellanlagen f\u00fcr Butzbach - Rouven K\u00f6tter","isPartOf":{"@id":"https:\/\/rouvenkoetter.de\/#website"},"primaryImageOfPage":{"@id":"https:\/\/rouvenkoetter.de\/index.php\/2022\/09\/24\/neue-rad-abstellanlagen-fuer-butzbach\/#primaryimage"},"image":{"@id":"https:\/\/rouvenkoetter.de\/index.php\/2022\/09\/24\/neue-rad-abstellanlagen-fuer-butzbach\/#primaryimage"},"thumbnailUrl":"https:\/\/rouvenkoetter.de\/wp-content\/uploads\/2022\/09\/DD9BCB8A-6977-49E2-8CB8-CEA4207F57F8-scaled.jpeg","datePublished":"2022-09-24T06:09:00+00:00","dateModified":"2022-09-23T18:12:13+00:00","author":{"@id":"https:\/\/rouvenkoetter.de\/#\/schema\/person\/d13789712861fd05be51c3e623e4175b"},"breadcrumb":{"@id":"https:\/\/rouvenkoetter.de\/index.php\/2022\/09\/24\/neue-rad-abstellanlagen-fuer-butzbach\/#breadcrumb"},"inLanguage":"de","potentialAction":[{"@type":"ReadAction","target":["https:\/\/rouvenkoetter.de\/index.php\/2022\/09\/24\/neue-rad-abstellanlagen-fuer-butzbach\/"]}]},{"@type":"ImageObject","inLanguage":"de","@id":"https:\/\/rouvenkoetter.de\/index.php\/2022\/09\/24\/neue-rad-abstellanlagen-fuer-butzbach\/#primaryimage","url":"https:\/\/rouvenkoetter.de\/wp-content\/uploads\/2022\/09\/DD9BCB8A-6977-49E2-8CB8-CEA4207F57F8-scaled.jpeg","contentUrl":"https:\/\/rouvenkoetter.de\/wp-content\/uploads\/2022\/09\/DD9BCB8A-6977-49E2-8CB8-CEA4207F57F8-scaled.jpeg","width":2560,"height":1440},{"@type":"BreadcrumbList","@id":"https:\/\/rouvenkoetter.de\/index.php\/2022\/09\/24\/neue-rad-abstellanlagen-fuer-butzbach\/#breadcrumb","itemListElement":[{"@type":"ListItem","position":1,"name":"Startseite","item":"https:\/\/rouvenkoetter.de\/"},{"@type":"ListItem","position":2,"name":"Neue Rad- Abstellanlagen f\u00fcr Butzbach"}]},{"@type":"WebSite","@id":"https:\/\/rouvenkoetter.de\/#website","url":"https:\/\/rouvenkoetter.de\/","name":"Rouven K\u00f6tter","description":"#HeimatMacher","potentialAction":[{"@type":"SearchAction","target":{"@type":"EntryPoint","urlTemplate":"https:\/\/rouvenkoetter.de\/?s={search_term_string}"},"query-input":{"@type":"PropertyValueSpecification","valueRequired":true,"valueName":"search_term_string"}}],"inLanguage":"de"},{"@type":"Person","@id":"https:\/\/rouvenkoetter.de\/#\/schema\/person\/d13789712861fd05be51c3e623e4175b","name":"Rouven K\u00f6tter","url":"https:\/\/rouvenkoetter.de\/index.php\/author\/koetter\/"}]}},"_links":{"self":[{"href":"https:\/\/rouvenkoetter.de\/index.php\/wp-json\/wp\/v2\/posts\/424","targetHints":{"allow":["GET"]}}],"collection":[{"href":"https:\/\/rouvenkoetter.de\/index.php\/wp-json\/wp\/v2\/posts"}],"about":[{"href":"https:\/\/rouvenkoetter.de\/index.php\/wp-json\/wp\/v2\/types\/post"}],"author":[{"embeddable":true,"href":"https:\/\/rouvenkoetter.de\/index.php\/wp-json\/wp\/v2\/users\/2"}],"replies":[{"embeddable":true,"href":"https:\/\/rouvenkoetter.de\/index.php\/wp-json\/wp\/v2\/comments?post=424"}],"version-history":[{"count":1,"href":"https:\/\/rouvenkoetter.de\/index.php\/wp-json\/wp\/v2\/posts\/424\/revisions"}],"predecessor-version":[{"id":431,"href":"https:\/\/rouvenkoetter.de\/index.php\/wp-json\/wp\/v2\/posts\/424\/revisions\/431"}],"wp:featuredmedia":[{"embeddable":true,"href":"https:\/\/rouvenkoetter.de\/index.php\/wp-json\/wp\/v2\/media\/429"}],"wp:attachment":[{"href":"https:\/\/rouvenkoetter.de\/index.php\/wp-json\/wp\/v2\/media?parent=424"}],"wp:term":[{"taxonomy":"category","embeddable":true,"href":"https:\/\/rouvenkoetter.de\/index.php\/wp-json\/wp\/v2\/categories?post=424"},{"taxonomy":"post_tag","embeddable":true,"href":"https:\/\/rouvenkoetter.de\/index.php\/wp-json\/wp\/v2\/tags?post=424"}],"curies":[{"name":"wp","href":"https:\/\/api.w.org\/{rel}","templated":true}]}}