{"id":425,"date":"2022-09-23T15:56:35","date_gmt":"2022-09-23T13:56:35","guid":{"rendered":"https:\/\/rouvenkoetter.de\/?p=425"},"modified":"2022-09-23T15:56:35","modified_gmt":"2022-09-23T13:56:35","slug":"mehr-gueter-auf-die-schiene","status":"publish","type":"post","link":"https:\/\/rouvenkoetter.de\/index.php\/2022\/09\/23\/mehr-gueter-auf-die-schiene\/","title":{"rendered":"Mehr G\u00fcter auf die Schiene"},"content":{"rendered":"\n<p>Mehr Schieneng\u00fcterverkehr ist das Ziel. Doch wie l\u00e4sst sich dieses Ziel konkret &#8222;vor Ort&#8220; erreichen? Ein Interview mit Rouven K\u00f6tter (42), Erster Beigeordneter und Mobilit\u00e4tsdezernent beim Regionalverband FrankfurtRheinMain, gibt dazu einen interessanten Einblick.<\/p>\n\n\n\n<p><br><strong>Rouven K\u00f6tter (42) ist seit 2018 Erster Beigeordneter und Mobilit\u00e4tsdezernent beim Regionalverband FrankfurtRheinMain&nbsp;Frage: Der Regionalverband k\u00fcmmert sich als \u00f6ffentliche Planungseinrichtung um mehr Schieneng\u00fcterverkehr in der Region. Wie sieht das konkret aus?<\/strong><br><br>Der Regionalverband FrankfurtRheinMain sichert in seinem regionsweiten Planwerk, dem Regionalen Fl\u00e4chennutzungsplan, der regionale und \u00f6rtliche Planung zusammenf\u00fchrt, wichtige Infrastruktur f\u00fcr den G\u00fctertransport auf der Schiene. Zu diesen geh\u00f6ren neben den Schienenstrecken selbst Gleisanschl\u00fcsse, Industriestammgleise sowie Standorte f\u00fcr die Gewerbe- und besonders Logistikansiedlung. Wichtige Funktion erf\u00fcllen auch sogenannte Schnittstellen des G\u00fcterverkehrs, wie Umschlagstellen f\u00fcr die Schiene, wozu Ladestellen, Kombiterminals oder H\u00e4fen geh\u00f6ren.<br><br><strong>Wie gut kommen Sie da voran? Was kann noch besser werden?<\/strong>&nbsp;<br><br>Mit dem Plan k\u00f6nnen wir ein Angebot f\u00fcr Betreiber an den Schnittstellen sowie die verladende Wirtschaft machen. Leider ist die Situation in Deutschland immer noch derart, dass bei nicht gegebener Bedienung eines Gleisanschlusses oder einer Anschlussstrecke, die Infrastruktur Gefahr l\u00e4uft, nicht mehr f\u00fcr den Schienenverkehr zur Verf\u00fcgung zu stehen und durch \u00dcberplanung gar zur\u00fcckgebaut zu werden. So sind auch in der Region FrankfurtRheinMain die Zugangsstellen zum Schienenverkehr, wie zum Beispiel Gleisanschl\u00fcsse oder Ladestellen, tendenziell r\u00fcckl\u00e4ufig. Der Draht zur Wirtschaft als potenzielle Nutzer der Gleisinfrastruktur ist hierf\u00fcr eminent wichtig und ist noch weiter zu intensivieren. Mit der Mobilit\u00e4tsstrategie FrankfurtRheinMain haben wir Ende 2020 viele Ma\u00dfnahmen auch im Bereich des Schienenverkehrs beschlossen, um dem R\u00fcckzug der Schiene entgegen zu wirken und so auch ein Angebot an die Wirtschaft zu machen: Der Regionale Schienencoach.<br><br><strong>Wer ist der Regionale Schienencoach und wie arbeitet er?<\/strong><br><br>Der Regionale Schienencoach ber\u00e4t Kommunen und Unternehmen in der Region FrankfurtRheinMain mit dem Ziel, mehr G\u00fcter auf die Schiene zu verlagern und Chancen f\u00fcr die Sicherung und Entwicklung von Schieneninfrastruktur auszuloten. Zur Aus\u00fcbung dieser Funktion greift der Verband bewusst auf externes Fachwissen aus der Praxis zur\u00fcck. Nur so kann sichergestellt werden, dass das Wissen aus dem Tagesgesch\u00e4ft weitergegeben wird und zur Anwendung kommt. Seit Ende 2020 \u00fcbt Herr Michael Roggenkamp von der Firma ederlog dieses Mandat aus. Er ist ein Eisenbahner der ersten Stunde nach der Bahnreform Anfang der 1990er Jahre und verf\u00fcgt somit \u00fcber das wichtige planerische, betriebliche und rechtliche Wissen, um zielgerichtet zu beraten.<br><br><strong>Welche Aufgaben erf\u00fcllt er dabei?<\/strong><br><br>Herr Roggenkamp ist Lotse f\u00fcr \u00f6ffentliche Akteure und die Wirtschaft im Regelungs-, Verwaltungs- und F\u00f6rderdschungel. Er ber\u00e4t auch f\u00fcr den Personenverkehr. Im G\u00fcterverkehr deckt er ab:<\/p>\n\n\n\n<ul class=\"wp-block-list\"><li>Potenzialabsch\u00e4tzung f\u00fcr mehr G\u00fcter auf die Schiene, sei es die einzelne Unternehmensansiedlung oder ein Gewerbegebiet.<\/li><li>Beratung von Kommunen und Unternehmen bei der Planung und Erhaltung von Gleisanschl\u00fcssen und Schienenstrecken.<\/li><li>F\u00f6rdermittelberatung f\u00fcr Kommunen und Unternehmen.<\/li><li>Unterst\u00fctzung bei Auswahl des geeigneten Bahnspezialisten \u2013 des Spediteurs oder des Eisenbahnbetreibers.<\/li><\/ul>\n\n\n\n<p><strong>Was hat der Regionale Schienencoach bisher erreicht?<\/strong><br><br>Herr Roggenkamp hat bisher 14 Beratungen durchgef\u00fchrt, darunter sieben Unternehmen und sechs Kommunen. Das Spektrum reicht dabei von Fragen der besseren Anbindung eines Gewerbegebietes \u00fcber die Frage der Reaktivierung eines Anschlusses durch Kl\u00e4rung vertraglicher Sachverhalte bis zur Entwicklung eines Bedienkonzeptes f\u00fcr ein Unternehmen.<\/p>\n\n\n\n<p>Aus diesen Erfolgen sind je nach weiteren Verhandlungen konkrete Umsetzungen zu erwarten. Ein konkretes Beispiel m\u00f6chte ich n\u00e4her ausf\u00fchren. Die Eisenbahnfreunde Wetterau (EFW) sind aus einer Privatinitiative entstandener Infrastrukturbetreiber eines etwa 20 km langen Netzes in der n\u00f6rdlichen Wetterau s\u00fcdlich von Gie\u00dfen. Im Rahmen der Beratung wurden die EFW beim Erwerb des Streckennetzes unterst\u00fctzt. Jetzt als Eigent\u00fcmer k\u00f6nnen sie F\u00f6rdermittel zur Ert\u00fcchtigung von Gleisanlagen insbesondere des Landes Hessen erwerben. Zudem haben Gleisanschlie\u00dfer an der Strecke signalisiert, bei jetzt verl\u00e4sslicher Rechtslage, sich f\u00fcr eine Verlagerung einzusetzen. Hierzu laufen noch weitere Beratungen bzw. m\u00fcssen auch bestehende Logistikketten \u00fcberpr\u00fcft werden. Da die EFW auch Ladestellen betreiben, ergeben sich weitere Verlagerungsm\u00f6glichkeiten, insbesondere im Bereich Holz. Andere M\u00f6glichkeiten, wie Zuckerr\u00fcben oder auch Baustoffrecycling, werden gepr\u00fcft.<\/p>\n\n\n\n<p><strong>Wo kann der Regionale Schienencoach die Unternehmen des Bundesverbandes Sekund\u00e4rrohstoffe und Entsorgung unterst\u00fctzen?<\/strong><\/p>\n\n\n\n<p>Da das Spektrum sehr breit ist und jede Situation vom Einzelfall abh\u00e4ngig ist, ergeben sich hier vielf\u00e4ltige Ankn\u00fcpfungspunkte. Im Optimalfall kann der Schienencoach die Grundlagen f\u00fcr einen Gleisanschluss legen. Wenn dies nicht der Fall ist, so sind Ladestellen eine gute Alternative. Fragen der B\u00fcndelung von Transportmengen oder die Wahl des geeigneten Eisenbahnunternehmens sind oft der Schl\u00fcssel zum Erfolg. Entsorgung und Recycling von Stoffen spielen f\u00fcr einen Ballungsraum eine wichtige Rolle. Zu viel wird noch auf der Stra\u00dfe abgewickelt.<br><br>Information zum Regionalverband und Regionalem Schienencoach:<br>Der Regionalverband FrankfurtRheinMain ist als K\u00f6rperschaft \u00f6ffentlichen Rechts die Stelle f\u00fcr die regionale Fl\u00e4chennutzungsplanung, Landschaftsplanung, Klimaschutz, Europa und Mobilit\u00e4t in der gleichnamigen Region mit 2,4 Millionen Menschen in 80 Kommunen, wozu unter anderem die Gro\u00dfst\u00e4dte Frankfurt am Main, Offenbach am Main und Hanau geh\u00f6ren. Mit der Ende 2020 verabschiedeten Mobilit\u00e4tstrage werden in zahlreichen Ma\u00dfnahmen M\u00f6glichkeiten zur Verkehrswende in der Region aufgezeigt.<br><br>Mehr unter\u00a0<a rel=\"noreferrer noopener\" href=\"https:\/\/www.region-frankfurt.de\/mostra\" target=\"_blank\">www.region-frankfurt.de\/mostra<\/a>. Dort finden sich auch Informationen zum Regionalen Schienencoach als Ma\u00dfnahme 18 der Mobilit\u00e4tsstrategie.\u00a0<br><br>Zur Person:<br>Rouven K\u00f6tter (42) ist seit 2018 Erster Beigeordneter und Mobilit\u00e4tsdezernent beim Regionalverband FrankfurtRheinMain und bekennt sich klar: \u201eDie Schiene ist und bleibt das R\u00fcckgrat einer modernen Mobilit\u00e4t!\u201c Der Sozialdemokrat war zuvor zehn Jahre B\u00fcrgermeister seiner Heimatgemeinde W\u00f6lfersheim in der Wetterau, zwischen Gie\u00dfen und Frankfurt am Main, und hat aus dieser Zeit seine Begeisterung f\u00fcr die Bahn mitgenommen: Er kaufte als B\u00fcrgermeister eine stillgelegte Bahnstrecke und rettete sie vor der endg\u00fcltigen Entwidmung. Die Horlofftalbahn soll nun reaktiviert werden. Aufgrund der damit verbundenen Erfahrungen will er den Kommunen und Unternehmen der Region beim Schienenverkehr einen neutralen Lotsen durch F\u00f6rder- und Zust\u00e4ndigkeitsdschungel und bieten &#8211; den Regionalen Schienencoach.<\/p>\n\n\n\n<p>Quelle: https:\/\/www.bvse.de\/recycling\/recycling-nachrichten\/8968-schienencoach-soll-helfen-mehr-gueter-auf-die-schiene-zu-verlagern.html<\/p>\n","protected":false},"excerpt":{"rendered":"<p>Mehr Schieneng\u00fcterverkehr ist das Ziel. Doch wie l\u00e4sst sich dieses Ziel konkret &#8222;vor Ort&#8220; erreichen? Ein Interview mit Rouven K\u00f6tter (42), Erster Beigeordneter und Mobilit\u00e4tsdezernent beim Regionalverband FrankfurtRheinMain, gibt dazu einen interessanten Einblick. Rouven K\u00f6tter (42) ist seit 2018 Erster Beigeordneter und Mobilit\u00e4tsdezernent beim Regionalverband FrankfurtRheinMain&nbsp;Frage: Der Regionalverband k\u00fcmmert sich als \u00f6ffentliche Planungseinrichtung um mehr [&hellip;]<\/p>\n","protected":false},"author":2,"featured_media":426,"comment_status":"closed","ping_status":"","sticky":false,"template":"","format":"standard","meta":{"_et_pb_use_builder":"","_et_pb_old_content":"","_et_gb_content_width":"","footnotes":""},"categories":[1],"tags":[9,8,132],"class_list":["post-425","post","type-post","status-publish","format-standard","has-post-thumbnail","hentry","category-allgemein","tag-mobilitaet","tag-regionalverband","tag-schiene"],"yoast_head":"<!-- This site is optimized with the Yoast SEO Premium plugin v20.4 (Yoast SEO v24.1) - https:\/\/yoast.com\/wordpress\/plugins\/seo\/ -->\n<title>Mehr G\u00fcter auf die Schiene - Rouven K\u00f6tter<\/title>\n<meta name=\"robots\" content=\"index, follow, max-snippet:-1, max-image-preview:large, max-video-preview:-1\" \/>\n<link rel=\"canonical\" href=\"https:\/\/rouvenkoetter.de\/index.php\/2022\/09\/23\/mehr-gueter-auf-die-schiene\/\" \/>\n<meta property=\"og:locale\" content=\"de_DE\" \/>\n<meta property=\"og:type\" content=\"article\" \/>\n<meta property=\"og:title\" content=\"Mehr G\u00fcter auf die Schiene\" \/>\n<meta property=\"og:description\" content=\"Mehr Schieneng\u00fcterverkehr ist das Ziel. Doch wie l\u00e4sst sich dieses Ziel konkret &#8222;vor Ort&#8220; erreichen? Ein Interview mit Rouven K\u00f6tter (42), Erster Beigeordneter und Mobilit\u00e4tsdezernent beim Regionalverband FrankfurtRheinMain, gibt dazu einen interessanten Einblick. Rouven K\u00f6tter (42) ist seit 2018 Erster Beigeordneter und Mobilit\u00e4tsdezernent beim Regionalverband FrankfurtRheinMain&nbsp;Frage: Der Regionalverband k\u00fcmmert sich als \u00f6ffentliche Planungseinrichtung um mehr [&hellip;]\" \/>\n<meta property=\"og:url\" content=\"https:\/\/rouvenkoetter.de\/index.php\/2022\/09\/23\/mehr-gueter-auf-die-schiene\/\" \/>\n<meta property=\"og:site_name\" content=\"Rouven K\u00f6tter\" \/>\n<meta property=\"article:published_time\" content=\"2022-09-23T13:56:35+00:00\" \/>\n<meta property=\"og:image\" content=\"https:\/\/rouvenkoetter.de\/wp-content\/uploads\/2022\/09\/CAA1AC1E-6F77-4705-902E-706454A08088-scaled.jpeg\" \/>\n\t<meta property=\"og:image:width\" content=\"2560\" \/>\n\t<meta property=\"og:image:height\" content=\"1440\" \/>\n\t<meta property=\"og:image:type\" content=\"image\/jpeg\" \/>\n<meta name=\"author\" content=\"Rouven K\u00f6tter\" \/>\n<meta name=\"twitter:card\" content=\"summary_large_image\" \/>\n<meta name=\"twitter:label1\" content=\"Verfasst von\" \/>\n\t<meta name=\"twitter:data1\" content=\"Rouven K\u00f6tter\" \/>\n\t<meta name=\"twitter:label2\" content=\"Gesch\u00e4tzte Lesezeit\" \/>\n\t<meta name=\"twitter:data2\" content=\"5\u00a0Minuten\" \/>\n<script type=\"application\/ld+json\" class=\"yoast-schema-graph\">{\"@context\":\"https:\/\/schema.org\",\"@graph\":[{\"@type\":\"WebPage\",\"@id\":\"https:\/\/rouvenkoetter.de\/index.php\/2022\/09\/23\/mehr-gueter-auf-die-schiene\/\",\"url\":\"https:\/\/rouvenkoetter.de\/index.php\/2022\/09\/23\/mehr-gueter-auf-die-schiene\/\",\"name\":\"Mehr G\u00fcter auf die Schiene - Rouven K\u00f6tter\",\"isPartOf\":{\"@id\":\"https:\/\/rouvenkoetter.de\/#website\"},\"primaryImageOfPage\":{\"@id\":\"https:\/\/rouvenkoetter.de\/index.php\/2022\/09\/23\/mehr-gueter-auf-die-schiene\/#primaryimage\"},\"image\":{\"@id\":\"https:\/\/rouvenkoetter.de\/index.php\/2022\/09\/23\/mehr-gueter-auf-die-schiene\/#primaryimage\"},\"thumbnailUrl\":\"https:\/\/rouvenkoetter.de\/wp-content\/uploads\/2022\/09\/CAA1AC1E-6F77-4705-902E-706454A08088-scaled.jpeg\",\"datePublished\":\"2022-09-23T13:56:35+00:00\",\"dateModified\":\"2022-09-23T13:56:35+00:00\",\"author\":{\"@id\":\"https:\/\/rouvenkoetter.de\/#\/schema\/person\/d13789712861fd05be51c3e623e4175b\"},\"breadcrumb\":{\"@id\":\"https:\/\/rouvenkoetter.de\/index.php\/2022\/09\/23\/mehr-gueter-auf-die-schiene\/#breadcrumb\"},\"inLanguage\":\"de\",\"potentialAction\":[{\"@type\":\"ReadAction\",\"target\":[\"https:\/\/rouvenkoetter.de\/index.php\/2022\/09\/23\/mehr-gueter-auf-die-schiene\/\"]}]},{\"@type\":\"ImageObject\",\"inLanguage\":\"de\",\"@id\":\"https:\/\/rouvenkoetter.de\/index.php\/2022\/09\/23\/mehr-gueter-auf-die-schiene\/#primaryimage\",\"url\":\"https:\/\/rouvenkoetter.de\/wp-content\/uploads\/2022\/09\/CAA1AC1E-6F77-4705-902E-706454A08088-scaled.jpeg\",\"contentUrl\":\"https:\/\/rouvenkoetter.de\/wp-content\/uploads\/2022\/09\/CAA1AC1E-6F77-4705-902E-706454A08088-scaled.jpeg\",\"width\":2560,\"height\":1440},{\"@type\":\"BreadcrumbList\",\"@id\":\"https:\/\/rouvenkoetter.de\/index.php\/2022\/09\/23\/mehr-gueter-auf-die-schiene\/#breadcrumb\",\"itemListElement\":[{\"@type\":\"ListItem\",\"position\":1,\"name\":\"Startseite\",\"item\":\"https:\/\/rouvenkoetter.de\/\"},{\"@type\":\"ListItem\",\"position\":2,\"name\":\"Mehr G\u00fcter auf die Schiene\"}]},{\"@type\":\"WebSite\",\"@id\":\"https:\/\/rouvenkoetter.de\/#website\",\"url\":\"https:\/\/rouvenkoetter.de\/\",\"name\":\"Rouven K\u00f6tter\",\"description\":\"#HeimatMacher\",\"potentialAction\":[{\"@type\":\"SearchAction\",\"target\":{\"@type\":\"EntryPoint\",\"urlTemplate\":\"https:\/\/rouvenkoetter.de\/?s={search_term_string}\"},\"query-input\":{\"@type\":\"PropertyValueSpecification\",\"valueRequired\":true,\"valueName\":\"search_term_string\"}}],\"inLanguage\":\"de\"},{\"@type\":\"Person\",\"@id\":\"https:\/\/rouvenkoetter.de\/#\/schema\/person\/d13789712861fd05be51c3e623e4175b\",\"name\":\"Rouven K\u00f6tter\",\"url\":\"https:\/\/rouvenkoetter.de\/index.php\/author\/koetter\/\"}]}<\/script>\n<!-- \/ Yoast SEO Premium plugin. -->","yoast_head_json":{"title":"Mehr G\u00fcter auf die Schiene - Rouven K\u00f6tter","robots":{"index":"index","follow":"follow","max-snippet":"max-snippet:-1","max-image-preview":"max-image-preview:large","max-video-preview":"max-video-preview:-1"},"canonical":"https:\/\/rouvenkoetter.de\/index.php\/2022\/09\/23\/mehr-gueter-auf-die-schiene\/","og_locale":"de_DE","og_type":"article","og_title":"Mehr G\u00fcter auf die Schiene","og_description":"Mehr Schieneng\u00fcterverkehr ist das Ziel. Doch wie l\u00e4sst sich dieses Ziel konkret &#8222;vor Ort&#8220; erreichen? Ein Interview mit Rouven K\u00f6tter (42), Erster Beigeordneter und Mobilit\u00e4tsdezernent beim Regionalverband FrankfurtRheinMain, gibt dazu einen interessanten Einblick. Rouven K\u00f6tter (42) ist seit 2018 Erster Beigeordneter und Mobilit\u00e4tsdezernent beim Regionalverband FrankfurtRheinMain&nbsp;Frage: Der Regionalverband k\u00fcmmert sich als \u00f6ffentliche Planungseinrichtung um mehr [&hellip;]","og_url":"https:\/\/rouvenkoetter.de\/index.php\/2022\/09\/23\/mehr-gueter-auf-die-schiene\/","og_site_name":"Rouven K\u00f6tter","article_published_time":"2022-09-23T13:56:35+00:00","og_image":[{"width":2560,"height":1440,"url":"https:\/\/rouvenkoetter.de\/wp-content\/uploads\/2022\/09\/CAA1AC1E-6F77-4705-902E-706454A08088-scaled.jpeg","type":"image\/jpeg"}],"author":"Rouven K\u00f6tter","twitter_card":"summary_large_image","twitter_misc":{"Verfasst von":"Rouven K\u00f6tter","Gesch\u00e4tzte Lesezeit":"5\u00a0Minuten"},"schema":{"@context":"https:\/\/schema.org","@graph":[{"@type":"WebPage","@id":"https:\/\/rouvenkoetter.de\/index.php\/2022\/09\/23\/mehr-gueter-auf-die-schiene\/","url":"https:\/\/rouvenkoetter.de\/index.php\/2022\/09\/23\/mehr-gueter-auf-die-schiene\/","name":"Mehr G\u00fcter auf die Schiene - Rouven K\u00f6tter","isPartOf":{"@id":"https:\/\/rouvenkoetter.de\/#website"},"primaryImageOfPage":{"@id":"https:\/\/rouvenkoetter.de\/index.php\/2022\/09\/23\/mehr-gueter-auf-die-schiene\/#primaryimage"},"image":{"@id":"https:\/\/rouvenkoetter.de\/index.php\/2022\/09\/23\/mehr-gueter-auf-die-schiene\/#primaryimage"},"thumbnailUrl":"https:\/\/rouvenkoetter.de\/wp-content\/uploads\/2022\/09\/CAA1AC1E-6F77-4705-902E-706454A08088-scaled.jpeg","datePublished":"2022-09-23T13:56:35+00:00","dateModified":"2022-09-23T13:56:35+00:00","author":{"@id":"https:\/\/rouvenkoetter.de\/#\/schema\/person\/d13789712861fd05be51c3e623e4175b"},"breadcrumb":{"@id":"https:\/\/rouvenkoetter.de\/index.php\/2022\/09\/23\/mehr-gueter-auf-die-schiene\/#breadcrumb"},"inLanguage":"de","potentialAction":[{"@type":"ReadAction","target":["https:\/\/rouvenkoetter.de\/index.php\/2022\/09\/23\/mehr-gueter-auf-die-schiene\/"]}]},{"@type":"ImageObject","inLanguage":"de","@id":"https:\/\/rouvenkoetter.de\/index.php\/2022\/09\/23\/mehr-gueter-auf-die-schiene\/#primaryimage","url":"https:\/\/rouvenkoetter.de\/wp-content\/uploads\/2022\/09\/CAA1AC1E-6F77-4705-902E-706454A08088-scaled.jpeg","contentUrl":"https:\/\/rouvenkoetter.de\/wp-content\/uploads\/2022\/09\/CAA1AC1E-6F77-4705-902E-706454A08088-scaled.jpeg","width":2560,"height":1440},{"@type":"BreadcrumbList","@id":"https:\/\/rouvenkoetter.de\/index.php\/2022\/09\/23\/mehr-gueter-auf-die-schiene\/#breadcrumb","itemListElement":[{"@type":"ListItem","position":1,"name":"Startseite","item":"https:\/\/rouvenkoetter.de\/"},{"@type":"ListItem","position":2,"name":"Mehr G\u00fcter auf die Schiene"}]},{"@type":"WebSite","@id":"https:\/\/rouvenkoetter.de\/#website","url":"https:\/\/rouvenkoetter.de\/","name":"Rouven K\u00f6tter","description":"#HeimatMacher","potentialAction":[{"@type":"SearchAction","target":{"@type":"EntryPoint","urlTemplate":"https:\/\/rouvenkoetter.de\/?s={search_term_string}"},"query-input":{"@type":"PropertyValueSpecification","valueRequired":true,"valueName":"search_term_string"}}],"inLanguage":"de"},{"@type":"Person","@id":"https:\/\/rouvenkoetter.de\/#\/schema\/person\/d13789712861fd05be51c3e623e4175b","name":"Rouven K\u00f6tter","url":"https:\/\/rouvenkoetter.de\/index.php\/author\/koetter\/"}]}},"_links":{"self":[{"href":"https:\/\/rouvenkoetter.de\/index.php\/wp-json\/wp\/v2\/posts\/425","targetHints":{"allow":["GET"]}}],"collection":[{"href":"https:\/\/rouvenkoetter.de\/index.php\/wp-json\/wp\/v2\/posts"}],"about":[{"href":"https:\/\/rouvenkoetter.de\/index.php\/wp-json\/wp\/v2\/types\/post"}],"author":[{"embeddable":true,"href":"https:\/\/rouvenkoetter.de\/index.php\/wp-json\/wp\/v2\/users\/2"}],"replies":[{"embeddable":true,"href":"https:\/\/rouvenkoetter.de\/index.php\/wp-json\/wp\/v2\/comments?post=425"}],"version-history":[{"count":1,"href":"https:\/\/rouvenkoetter.de\/index.php\/wp-json\/wp\/v2\/posts\/425\/revisions"}],"predecessor-version":[{"id":427,"href":"https:\/\/rouvenkoetter.de\/index.php\/wp-json\/wp\/v2\/posts\/425\/revisions\/427"}],"wp:featuredmedia":[{"embeddable":true,"href":"https:\/\/rouvenkoetter.de\/index.php\/wp-json\/wp\/v2\/media\/426"}],"wp:attachment":[{"href":"https:\/\/rouvenkoetter.de\/index.php\/wp-json\/wp\/v2\/media?parent=425"}],"wp:term":[{"taxonomy":"category","embeddable":true,"href":"https:\/\/rouvenkoetter.de\/index.php\/wp-json\/wp\/v2\/categories?post=425"},{"taxonomy":"post_tag","embeddable":true,"href":"https:\/\/rouvenkoetter.de\/index.php\/wp-json\/wp\/v2\/tags?post=425"}],"curies":[{"name":"wp","href":"https:\/\/api.w.org\/{rel}","templated":true}]}}