{"id":478,"date":"2022-11-04T10:48:18","date_gmt":"2022-11-04T09:48:18","guid":{"rendered":"https:\/\/rouvenkoetter.de\/?p=478"},"modified":"2022-11-04T10:48:18","modified_gmt":"2022-11-04T09:48:18","slug":"podcast-rund-um-den-wetteraukreis","status":"publish","type":"post","link":"https:\/\/rouvenkoetter.de\/index.php\/2022\/11\/04\/podcast-rund-um-den-wetteraukreis\/","title":{"rendered":"Podcast rund um den Wetteraukreis"},"content":{"rendered":"\n<p>Ab sofort ver\u00f6ffentlicht Landratskandidat Rouven K\u00f6tter alle zwei Wochen einen Podcast namens \u201cK\u00f6tters Caf\u00e9\u201c. Darin unterh\u00e4lt er sich mit Menschen aus dem Wetteraukreis, die ihre Heimat pr\u00e4gen, gestalten, ver\u00e4ndern oder einfach nur hier leben und spannende Geschichten zu erz\u00e4hlen haben. Ein kurzweiliger Podcast von etwa 20-30 Minuten L\u00e4nge &#8211; ideal, um am Montagmorgen in die Woche zu starten. Wir freuen uns \u00fcber Anregungen, Ideen und Kritik zu dem neuen Format\u2026<\/p>\n","protected":false},"excerpt":{"rendered":"<p>Ab sofort ver\u00f6ffentlicht Landratskandidat Rouven K\u00f6tter alle zwei Wochen einen Podcast namens \u201cK\u00f6tters Caf\u00e9\u201c. Darin unterh\u00e4lt er sich mit Menschen aus dem Wetteraukreis, die ihre Heimat pr\u00e4gen, gestalten, ver\u00e4ndern oder einfach nur hier leben und spannende Geschichten zu erz\u00e4hlen haben. Ein kurzweiliger Podcast von etwa 20-30 Minuten L\u00e4nge &#8211; ideal, um am Montagmorgen in die [&hellip;]<\/p>\n","protected":false},"author":2,"featured_media":479,"comment_status":"closed","ping_status":"","sticky":false,"template":"","format":"standard","meta":{"_et_pb_use_builder":"","_et_pb_old_content":"","_et_gb_content_width":"","footnotes":""},"categories":[1],"tags":[],"class_list":["post-478","post","type-post","status-publish","format-standard","has-post-thumbnail","hentry","category-allgemein"],"yoast_head":"<!-- This site is optimized with the Yoast SEO Premium plugin v20.4 (Yoast SEO v24.1) - https:\/\/yoast.com\/wordpress\/plugins\/seo\/ -->\n<title>Podcast rund um den Wetteraukreis - Rouven K\u00f6tter<\/title>\n<meta name=\"robots\" content=\"index, follow, max-snippet:-1, max-image-preview:large, max-video-preview:-1\" \/>\n<link rel=\"canonical\" href=\"https:\/\/rouvenkoetter.de\/index.php\/2022\/11\/04\/podcast-rund-um-den-wetteraukreis\/\" \/>\n<meta property=\"og:locale\" content=\"de_DE\" \/>\n<meta property=\"og:type\" content=\"article\" \/>\n<meta property=\"og:title\" content=\"Podcast rund um den Wetteraukreis\" \/>\n<meta property=\"og:description\" content=\"Ab sofort ver\u00f6ffentlicht Landratskandidat Rouven K\u00f6tter alle zwei Wochen einen Podcast namens \u201cK\u00f6tters Caf\u00e9\u201c. Darin unterh\u00e4lt er sich mit Menschen aus dem Wetteraukreis, die ihre Heimat pr\u00e4gen, gestalten, ver\u00e4ndern oder einfach nur hier leben und spannende Geschichten zu erz\u00e4hlen haben. Ein kurzweiliger Podcast von etwa 20-30 Minuten L\u00e4nge &#8211; ideal, um am Montagmorgen in die [&hellip;]\" \/>\n<meta property=\"og:url\" content=\"https:\/\/rouvenkoetter.de\/index.php\/2022\/11\/04\/podcast-rund-um-den-wetteraukreis\/\" \/>\n<meta property=\"og:site_name\" content=\"Rouven K\u00f6tter\" \/>\n<meta property=\"article:published_time\" content=\"2022-11-04T09:48:18+00:00\" \/>\n<meta property=\"og:image\" content=\"https:\/\/rouvenkoetter.de\/wp-content\/uploads\/2022\/11\/3DFC4921-BC15-4079-92AF-59BA812C5815.jpeg\" \/>\n\t<meta property=\"og:image:width\" content=\"1996\" \/>\n\t<meta property=\"og:image:height\" content=\"1123\" \/>\n\t<meta property=\"og:image:type\" content=\"image\/jpeg\" \/>\n<meta name=\"author\" content=\"Rouven K\u00f6tter\" \/>\n<meta name=\"twitter:card\" content=\"summary_large_image\" \/>\n<meta name=\"twitter:label1\" content=\"Verfasst von\" \/>\n\t<meta name=\"twitter:data1\" content=\"Rouven K\u00f6tter\" \/>\n<script type=\"application\/ld+json\" class=\"yoast-schema-graph\">{\"@context\":\"https:\/\/schema.org\",\"@graph\":[{\"@type\":\"WebPage\",\"@id\":\"https:\/\/rouvenkoetter.de\/index.php\/2022\/11\/04\/podcast-rund-um-den-wetteraukreis\/\",\"url\":\"https:\/\/rouvenkoetter.de\/index.php\/2022\/11\/04\/podcast-rund-um-den-wetteraukreis\/\",\"name\":\"Podcast rund um den Wetteraukreis - Rouven K\u00f6tter\",\"isPartOf\":{\"@id\":\"https:\/\/rouvenkoetter.de\/#website\"},\"primaryImageOfPage\":{\"@id\":\"https:\/\/rouvenkoetter.de\/index.php\/2022\/11\/04\/podcast-rund-um-den-wetteraukreis\/#primaryimage\"},\"image\":{\"@id\":\"https:\/\/rouvenkoetter.de\/index.php\/2022\/11\/04\/podcast-rund-um-den-wetteraukreis\/#primaryimage\"},\"thumbnailUrl\":\"https:\/\/rouvenkoetter.de\/wp-content\/uploads\/2022\/11\/3DFC4921-BC15-4079-92AF-59BA812C5815.jpeg\",\"datePublished\":\"2022-11-04T09:48:18+00:00\",\"dateModified\":\"2022-11-04T09:48:18+00:00\",\"author\":{\"@id\":\"https:\/\/rouvenkoetter.de\/#\/schema\/person\/d13789712861fd05be51c3e623e4175b\"},\"breadcrumb\":{\"@id\":\"https:\/\/rouvenkoetter.de\/index.php\/2022\/11\/04\/podcast-rund-um-den-wetteraukreis\/#breadcrumb\"},\"inLanguage\":\"de\",\"potentialAction\":[{\"@type\":\"ReadAction\",\"target\":[\"https:\/\/rouvenkoetter.de\/index.php\/2022\/11\/04\/podcast-rund-um-den-wetteraukreis\/\"]}]},{\"@type\":\"ImageObject\",\"inLanguage\":\"de\",\"@id\":\"https:\/\/rouvenkoetter.de\/index.php\/2022\/11\/04\/podcast-rund-um-den-wetteraukreis\/#primaryimage\",\"url\":\"https:\/\/rouvenkoetter.de\/wp-content\/uploads\/2022\/11\/3DFC4921-BC15-4079-92AF-59BA812C5815.jpeg\",\"contentUrl\":\"https:\/\/rouvenkoetter.de\/wp-content\/uploads\/2022\/11\/3DFC4921-BC15-4079-92AF-59BA812C5815.jpeg\",\"width\":1996,\"height\":1123},{\"@type\":\"BreadcrumbList\",\"@id\":\"https:\/\/rouvenkoetter.de\/index.php\/2022\/11\/04\/podcast-rund-um-den-wetteraukreis\/#breadcrumb\",\"itemListElement\":[{\"@type\":\"ListItem\",\"position\":1,\"name\":\"Startseite\",\"item\":\"https:\/\/rouvenkoetter.de\/\"},{\"@type\":\"ListItem\",\"position\":2,\"name\":\"Podcast rund um den Wetteraukreis\"}]},{\"@type\":\"WebSite\",\"@id\":\"https:\/\/rouvenkoetter.de\/#website\",\"url\":\"https:\/\/rouvenkoetter.de\/\",\"name\":\"Rouven K\u00f6tter\",\"description\":\"#HeimatMacher\",\"potentialAction\":[{\"@type\":\"SearchAction\",\"target\":{\"@type\":\"EntryPoint\",\"urlTemplate\":\"https:\/\/rouvenkoetter.de\/?s={search_term_string}\"},\"query-input\":{\"@type\":\"PropertyValueSpecification\",\"valueRequired\":true,\"valueName\":\"search_term_string\"}}],\"inLanguage\":\"de\"},{\"@type\":\"Person\",\"@id\":\"https:\/\/rouvenkoetter.de\/#\/schema\/person\/d13789712861fd05be51c3e623e4175b\",\"name\":\"Rouven K\u00f6tter\",\"url\":\"https:\/\/rouvenkoetter.de\/index.php\/author\/koetter\/\"}]}<\/script>\n<!-- \/ Yoast SEO Premium plugin. -->","yoast_head_json":{"title":"Podcast rund um den Wetteraukreis - Rouven K\u00f6tter","robots":{"index":"index","follow":"follow","max-snippet":"max-snippet:-1","max-image-preview":"max-image-preview:large","max-video-preview":"max-video-preview:-1"},"canonical":"https:\/\/rouvenkoetter.de\/index.php\/2022\/11\/04\/podcast-rund-um-den-wetteraukreis\/","og_locale":"de_DE","og_type":"article","og_title":"Podcast rund um den Wetteraukreis","og_description":"Ab sofort ver\u00f6ffentlicht Landratskandidat Rouven K\u00f6tter alle zwei Wochen einen Podcast namens \u201cK\u00f6tters Caf\u00e9\u201c. Darin unterh\u00e4lt er sich mit Menschen aus dem Wetteraukreis, die ihre Heimat pr\u00e4gen, gestalten, ver\u00e4ndern oder einfach nur hier leben und spannende Geschichten zu erz\u00e4hlen haben. Ein kurzweiliger Podcast von etwa 20-30 Minuten L\u00e4nge &#8211; ideal, um am Montagmorgen in die [&hellip;]","og_url":"https:\/\/rouvenkoetter.de\/index.php\/2022\/11\/04\/podcast-rund-um-den-wetteraukreis\/","og_site_name":"Rouven K\u00f6tter","article_published_time":"2022-11-04T09:48:18+00:00","og_image":[{"width":1996,"height":1123,"url":"https:\/\/rouvenkoetter.de\/wp-content\/uploads\/2022\/11\/3DFC4921-BC15-4079-92AF-59BA812C5815.jpeg","type":"image\/jpeg"}],"author":"Rouven K\u00f6tter","twitter_card":"summary_large_image","twitter_misc":{"Verfasst von":"Rouven K\u00f6tter"},"schema":{"@context":"https:\/\/schema.org","@graph":[{"@type":"WebPage","@id":"https:\/\/rouvenkoetter.de\/index.php\/2022\/11\/04\/podcast-rund-um-den-wetteraukreis\/","url":"https:\/\/rouvenkoetter.de\/index.php\/2022\/11\/04\/podcast-rund-um-den-wetteraukreis\/","name":"Podcast rund um den Wetteraukreis - Rouven K\u00f6tter","isPartOf":{"@id":"https:\/\/rouvenkoetter.de\/#website"},"primaryImageOfPage":{"@id":"https:\/\/rouvenkoetter.de\/index.php\/2022\/11\/04\/podcast-rund-um-den-wetteraukreis\/#primaryimage"},"image":{"@id":"https:\/\/rouvenkoetter.de\/index.php\/2022\/11\/04\/podcast-rund-um-den-wetteraukreis\/#primaryimage"},"thumbnailUrl":"https:\/\/rouvenkoetter.de\/wp-content\/uploads\/2022\/11\/3DFC4921-BC15-4079-92AF-59BA812C5815.jpeg","datePublished":"2022-11-04T09:48:18+00:00","dateModified":"2022-11-04T09:48:18+00:00","author":{"@id":"https:\/\/rouvenkoetter.de\/#\/schema\/person\/d13789712861fd05be51c3e623e4175b"},"breadcrumb":{"@id":"https:\/\/rouvenkoetter.de\/index.php\/2022\/11\/04\/podcast-rund-um-den-wetteraukreis\/#breadcrumb"},"inLanguage":"de","potentialAction":[{"@type":"ReadAction","target":["https:\/\/rouvenkoetter.de\/index.php\/2022\/11\/04\/podcast-rund-um-den-wetteraukreis\/"]}]},{"@type":"ImageObject","inLanguage":"de","@id":"https:\/\/rouvenkoetter.de\/index.php\/2022\/11\/04\/podcast-rund-um-den-wetteraukreis\/#primaryimage","url":"https:\/\/rouvenkoetter.de\/wp-content\/uploads\/2022\/11\/3DFC4921-BC15-4079-92AF-59BA812C5815.jpeg","contentUrl":"https:\/\/rouvenkoetter.de\/wp-content\/uploads\/2022\/11\/3DFC4921-BC15-4079-92AF-59BA812C5815.jpeg","width":1996,"height":1123},{"@type":"BreadcrumbList","@id":"https:\/\/rouvenkoetter.de\/index.php\/2022\/11\/04\/podcast-rund-um-den-wetteraukreis\/#breadcrumb","itemListElement":[{"@type":"ListItem","position":1,"name":"Startseite","item":"https:\/\/rouvenkoetter.de\/"},{"@type":"ListItem","position":2,"name":"Podcast rund um den Wetteraukreis"}]},{"@type":"WebSite","@id":"https:\/\/rouvenkoetter.de\/#website","url":"https:\/\/rouvenkoetter.de\/","name":"Rouven K\u00f6tter","description":"#HeimatMacher","potentialAction":[{"@type":"SearchAction","target":{"@type":"EntryPoint","urlTemplate":"https:\/\/rouvenkoetter.de\/?s={search_term_string}"},"query-input":{"@type":"PropertyValueSpecification","valueRequired":true,"valueName":"search_term_string"}}],"inLanguage":"de"},{"@type":"Person","@id":"https:\/\/rouvenkoetter.de\/#\/schema\/person\/d13789712861fd05be51c3e623e4175b","name":"Rouven K\u00f6tter","url":"https:\/\/rouvenkoetter.de\/index.php\/author\/koetter\/"}]}},"_links":{"self":[{"href":"https:\/\/rouvenkoetter.de\/index.php\/wp-json\/wp\/v2\/posts\/478","targetHints":{"allow":["GET"]}}],"collection":[{"href":"https:\/\/rouvenkoetter.de\/index.php\/wp-json\/wp\/v2\/posts"}],"about":[{"href":"https:\/\/rouvenkoetter.de\/index.php\/wp-json\/wp\/v2\/types\/post"}],"author":[{"embeddable":true,"href":"https:\/\/rouvenkoetter.de\/index.php\/wp-json\/wp\/v2\/users\/2"}],"replies":[{"embeddable":true,"href":"https:\/\/rouvenkoetter.de\/index.php\/wp-json\/wp\/v2\/comments?post=478"}],"version-history":[{"count":1,"href":"https:\/\/rouvenkoetter.de\/index.php\/wp-json\/wp\/v2\/posts\/478\/revisions"}],"predecessor-version":[{"id":480,"href":"https:\/\/rouvenkoetter.de\/index.php\/wp-json\/wp\/v2\/posts\/478\/revisions\/480"}],"wp:featuredmedia":[{"embeddable":true,"href":"https:\/\/rouvenkoetter.de\/index.php\/wp-json\/wp\/v2\/media\/479"}],"wp:attachment":[{"href":"https:\/\/rouvenkoetter.de\/index.php\/wp-json\/wp\/v2\/media?parent=478"}],"wp:term":[{"taxonomy":"category","embeddable":true,"href":"https:\/\/rouvenkoetter.de\/index.php\/wp-json\/wp\/v2\/categories?post=478"},{"taxonomy":"post_tag","embeddable":true,"href":"https:\/\/rouvenkoetter.de\/index.php\/wp-json\/wp\/v2\/tags?post=478"}],"curies":[{"name":"wp","href":"https:\/\/api.w.org\/{rel}","templated":true}]}}