{"id":493,"date":"2022-11-11T07:00:00","date_gmt":"2022-11-11T06:00:00","guid":{"rendered":"https:\/\/rouvenkoetter.de\/?p=493"},"modified":"2022-11-10T14:44:39","modified_gmt":"2022-11-10T13:44:39","slug":"getraenke-fuers-leben","status":"publish","type":"post","link":"https:\/\/rouvenkoetter.de\/index.php\/2022\/11\/11\/getraenke-fuers-leben\/","title":{"rendered":"Getr\u00e4nke f\u00fcr\u2018s Leben"},"content":{"rendered":"\n<p><\/p>\n\n\n\n<p>Landratskandidat Rouven K\u00f6tter und&nbsp;SPD Bad&nbsp;Vilbel zu Besuch bei&nbsp;HassiaGruppe<\/p>\n\n\n\n<p>\u201eEs macht mich als Bad&nbsp;Vilbelerin&nbsp;stolz, ein so innovatives und traditionsreiches Unternehmen vor Ort zu haben\u201c, fasste die Bad Vilbeler Sozialdezernentin Ricarda M\u00fcller-Grimm(SPD)&nbsp;ihre Eindr\u00fccke&nbsp;am Ende des rund dreist\u00fcndigen Besuchs treffend zusammen.&nbsp;Das sah auch&nbsp;Landratskandidat Rouven K\u00f6tter&nbsp;(SPD)&nbsp;so, der gemeinsam mit weiteren Vertretern der Bad Vilbeler SPD vor Ort war:&nbsp;\u201eDie&nbsp;HassiaGruppe&nbsp;ist&nbsp;als Ausbildungsbetrieb und attraktiver Arbeitgeber&nbsp;ein wichtiges Unternehmen im Wetteraukreis.&nbsp;Als Familienbetrieb zeigt Hassia soziale Verantwortung, Standorttreue und&nbsp;gleichzeitig moderne und kreative Konzepte f\u00fcr die Zukunft.&nbsp;Es ist die Aufgabe der Politik, solchen Betrieben unterst\u00fctzend und flexibel zur&nbsp;Seite&nbsp;zu stehen. Die regionale Wirtschaft braucht keine komplexen, \u00fcberreguliertenF\u00f6rderprogramme oder gar b\u00fcrokratische Stolpersteine, sondern verl\u00e4ssliche, pragmatische&nbsp;Wirtschaftsf\u00f6rderung durch die Kommunalverwaltungen\u201c,&nbsp;so K\u00f6tter.&nbsp;<\/p>\n\n\n\n<p>Die&nbsp;HassiaGruppe, die in Bad Vilbel ihren Hauptsitz&nbsp;hat, verteilt sich&nbsp;deutschlandweit&nbsp;auf 11 Standorte und vertreibt neben Mineralwasser auch zahlreiche&nbsp;weitere Erfrischungsgetr\u00e4nke&nbsp;und sogar Apfelwein.&nbsp;\u201eWir sind der&nbsp;f\u00fchrende deutsche Marken-Anbieter&nbsp;alkoholfreier&nbsp;Getr\u00e4nke in Deutschland\u201c, erl\u00e4utert&nbsp;Unternehmensinhaber&nbsp;Dirk Hinkel, der den Familienbetrieb Hassia in f\u00fcnfter Generation leitet. \u201eWir vertreiben&nbsp;mit unseren rund 1.800 Mitarbeitenden \u201aGetr\u00e4nke f\u00fcrs Leben\u2018 mit hohem Anspruch an Qualit\u00e4t und Geschmack.\u201c&nbsp;Am Beispiel der Marke \u201eBionade\u201c erl\u00e4uterte&nbsp;der f\u00fcr das&nbsp;gruppenweite&nbsp;Marketing zust\u00e4ndige&nbsp;Gesch\u00e4ftsf\u00fchrer&nbsp;Stefan M\u00fcller&nbsp;sehr anschaulich,&nbsp;die besonderen Herausforderungen und die strategisch-nachhaltige Vorgehensweise der&nbsp;HassiaGruppe.&nbsp;<\/p>\n\n\n\n<figure class=\"wp-block-image size-large\"><img loading=\"lazy\" decoding=\"async\" width=\"1024\" height=\"768\" src=\"https:\/\/rouvenkoetter.de\/wp-content\/uploads\/2022\/11\/5730B622-7E5F-4981-AD80-E256213CDF59-1024x768.jpeg\" alt=\"\" class=\"wp-image-497\" srcset=\"https:\/\/rouvenkoetter.de\/wp-content\/uploads\/2022\/11\/5730B622-7E5F-4981-AD80-E256213CDF59-1024x768.jpeg 1024w, https:\/\/rouvenkoetter.de\/wp-content\/uploads\/2022\/11\/5730B622-7E5F-4981-AD80-E256213CDF59-300x225.jpeg 300w, https:\/\/rouvenkoetter.de\/wp-content\/uploads\/2022\/11\/5730B622-7E5F-4981-AD80-E256213CDF59-768x576.jpeg 768w, https:\/\/rouvenkoetter.de\/wp-content\/uploads\/2022\/11\/5730B622-7E5F-4981-AD80-E256213CDF59-1536x1152.jpeg 1536w, https:\/\/rouvenkoetter.de\/wp-content\/uploads\/2022\/11\/5730B622-7E5F-4981-AD80-E256213CDF59-2048x1536.jpeg 2048w, https:\/\/rouvenkoetter.de\/wp-content\/uploads\/2022\/11\/5730B622-7E5F-4981-AD80-E256213CDF59-1568x1176.jpeg 1568w\" sizes=\"(max-width: 1024px) 100vw, 1024px\" \/><\/figure>\n\n\n\n<p>Der Bad Vilbeler SPD-Vorsitzende&nbsp;Bernd Hielscher&nbsp;zeigte sich insbesondere vom Arbeitsambiente im neu&nbsp;gebautenB\u00fcrogeb\u00e4ude&nbsp;\u201eBaumhaus\u201c in der Gie\u00dfener&nbsp;Strasse&nbsp;sowie von dem Konzept \u201enew&nbsp;work\u201c&nbsp;beeindruckt: \u201eMan sieht und sp\u00fcrt, dass die Mitarbeitenden&nbsp;sich&nbsp;hier&nbsp;wohl f\u00fchlen sollen. Das ist ein Umfeld, in dem man gerne arbeitet und dadurch nat\u00fcrlich auch mehr Leistung bringt.\u201c&nbsp;Alban Krasniqi und Klaus Arabin&nbsp;lobten dar\u00fcber hinaus das soziale Engagement des Unternehmens am Standort: \u201eDie&nbsp;HassiaGruppe&nbsp;ist&nbsp;ein&nbsp;Familienunternehmen, welches&nbsp;sich&nbsp;zu seinen Wurzeln bekennt&nbsp;und&nbsp;ein&nbsp;wichtiger Partner f\u00fcr die Stadt Bad Vilbel. Als Arbeitgeber, aber auch als sozial&nbsp;engagiertesUnternehmen.\u201c&nbsp;So wurde beispielsweise die Aktion \u201eHassia hilft\u201c ins Leben&nbsp;gerufen und die Renaturierung der Nidda&nbsp;finanziell sehr gro\u00dfz\u00fcgig unterst\u00fctzt.<\/p>\n\n\n\n<p>Im Rahmen des Termins wurden aber auch&nbsp;durchaus kritischeThemen angesprochen und kontrovers diskutiert.&nbsp;So sprach Dirk Hinkel beispielsweise&nbsp;F\u00f6rderprogramme mit zu strengen Auflagen&nbsp;und&nbsp;aus seiner Sicht falsche politische Vorgaben an\u2013 im Gegenzug dazu fand er lobende Worte f\u00fcr die Strompreisbremse.&nbsp;Auch das sehr sensible Thema \u201eRessourcenschonender Umgang mit Wasser\u201c wurde angesprochen.&nbsp;\u201eHier wird viel Verunsicherung verbreitet\u201c, stellt Hinkel klar. \u201eDer Anteil des Mineralwassers am gesamten Wasserverbrauch liegt bei gerade mal 0,4 %.&nbsp;Alle Mineralwasser&nbsp;der&nbsp;HassiaGruppe&nbsp;werden klimaneutral gef\u00f6rdert und vertrieben.\u201c<\/p>\n\n\n\n<figure class=\"wp-block-image size-large\"><img loading=\"lazy\" decoding=\"async\" width=\"1024\" height=\"768\" src=\"https:\/\/rouvenkoetter.de\/wp-content\/uploads\/2022\/11\/5730B622-7E5F-4981-AD80-E256213CDF59-1024x768.jpeg\" alt=\"\" class=\"wp-image-497\" srcset=\"https:\/\/rouvenkoetter.de\/wp-content\/uploads\/2022\/11\/5730B622-7E5F-4981-AD80-E256213CDF59-1024x768.jpeg 1024w, https:\/\/rouvenkoetter.de\/wp-content\/uploads\/2022\/11\/5730B622-7E5F-4981-AD80-E256213CDF59-300x225.jpeg 300w, https:\/\/rouvenkoetter.de\/wp-content\/uploads\/2022\/11\/5730B622-7E5F-4981-AD80-E256213CDF59-768x576.jpeg 768w, https:\/\/rouvenkoetter.de\/wp-content\/uploads\/2022\/11\/5730B622-7E5F-4981-AD80-E256213CDF59-1536x1152.jpeg 1536w, https:\/\/rouvenkoetter.de\/wp-content\/uploads\/2022\/11\/5730B622-7E5F-4981-AD80-E256213CDF59-2048x1536.jpeg 2048w, https:\/\/rouvenkoetter.de\/wp-content\/uploads\/2022\/11\/5730B622-7E5F-4981-AD80-E256213CDF59-1568x1176.jpeg 1568w\" sizes=\"(max-width: 1024px) 100vw, 1024px\" \/><\/figure>\n\n\n\n<p>Die Vertreter der SPD&nbsp;waren dankbar f\u00fcr die offenen Worte und den intensiven, ausf\u00fchrlichen Austausch auf h\u00f6chster Ebene des Unternehmens.&nbsp;\u201eWir waren nicht in allen&nbsp;politischen&nbsp;Punkten einig, aber es besteht ein gemeinsamer Konsens: Wenn es der Region gut gehen soll, muss es auch den Unternehmen gut gehen.&nbsp;Echte Werte schafft man&nbsp;eben&nbsp;nicht von Quartal zu Quartal, sondern von Generation zu Generation. Die&nbsp;HassiaGruppe&nbsp;ist daf\u00fcr ein hervorragendes Beispiel\u201c, so Landratskandidat Rouven K\u00f6tter abschlie\u00dfend.<\/p>\n\n\n\n<figure class=\"wp-block-image size-full\"><img loading=\"lazy\" decoding=\"async\" width=\"957\" height=\"664\" src=\"https:\/\/rouvenkoetter.de\/wp-content\/uploads\/2022\/11\/D614BCB5-92A4-4057-936B-555E14951E27.jpeg\" alt=\"\" class=\"wp-image-495\" srcset=\"https:\/\/rouvenkoetter.de\/wp-content\/uploads\/2022\/11\/D614BCB5-92A4-4057-936B-555E14951E27.jpeg 957w, https:\/\/rouvenkoetter.de\/wp-content\/uploads\/2022\/11\/D614BCB5-92A4-4057-936B-555E14951E27-300x208.jpeg 300w, https:\/\/rouvenkoetter.de\/wp-content\/uploads\/2022\/11\/D614BCB5-92A4-4057-936B-555E14951E27-768x533.jpeg 768w\" sizes=\"(max-width: 957px) 100vw, 957px\" \/><figcaption>Landratskandidat Rouven K\u00f6tter im Gespr\u00e4ch mit Unternehmensinhaber Dirk Hinkel und Marketing-Gesch\u00e4ftsf\u00fchrer Stefan M\u00fcller (von links)<\/figcaption><\/figure>\n","protected":false},"excerpt":{"rendered":"<p>Landratskandidat Rouven K\u00f6tter und&nbsp;SPD Bad&nbsp;Vilbel zu Besuch bei&nbsp;HassiaGruppe \u201eEs macht mich als Bad&nbsp;Vilbelerin&nbsp;stolz, ein so innovatives und traditionsreiches Unternehmen vor Ort zu haben\u201c, fasste die Bad Vilbeler Sozialdezernentin Ricarda M\u00fcller-Grimm(SPD)&nbsp;ihre Eindr\u00fccke&nbsp;am Ende des rund dreist\u00fcndigen Besuchs treffend zusammen.&nbsp;Das sah auch&nbsp;Landratskandidat Rouven K\u00f6tter&nbsp;(SPD)&nbsp;so, der gemeinsam mit weiteren Vertretern der Bad Vilbeler SPD vor Ort war:&nbsp;\u201eDie&nbsp;HassiaGruppe&nbsp;ist&nbsp;als Ausbildungsbetrieb [&hellip;]<\/p>\n","protected":false},"author":2,"featured_media":494,"comment_status":"closed","ping_status":"","sticky":false,"template":"","format":"standard","meta":{"_et_pb_use_builder":"","_et_pb_old_content":"","_et_gb_content_width":"","footnotes":""},"categories":[1],"tags":[33,135,6,11,136],"class_list":["post-493","post","type-post","status-publish","format-standard","has-post-thumbnail","hentry","category-allgemein","tag-bad-vilbel","tag-unternehmen","tag-wetterau","tag-wetteraukreis","tag-wirtschaftsfoerderung"],"yoast_head":"<!-- This site is optimized with the Yoast SEO Premium plugin v20.4 (Yoast SEO v24.1) - https:\/\/yoast.com\/wordpress\/plugins\/seo\/ -->\n<title>Getr\u00e4nke f\u00fcr\u2018s Leben - Rouven K\u00f6tter<\/title>\n<meta name=\"robots\" content=\"index, follow, max-snippet:-1, max-image-preview:large, max-video-preview:-1\" \/>\n<link rel=\"canonical\" href=\"https:\/\/rouvenkoetter.de\/index.php\/2022\/11\/11\/getraenke-fuers-leben\/\" \/>\n<meta property=\"og:locale\" content=\"de_DE\" \/>\n<meta property=\"og:type\" content=\"article\" \/>\n<meta property=\"og:title\" content=\"Getr\u00e4nke f\u00fcr\u2018s Leben\" \/>\n<meta property=\"og:description\" content=\"Landratskandidat Rouven K\u00f6tter und&nbsp;SPD Bad&nbsp;Vilbel zu Besuch bei&nbsp;HassiaGruppe \u201eEs macht mich als Bad&nbsp;Vilbelerin&nbsp;stolz, ein so innovatives und traditionsreiches Unternehmen vor Ort zu haben\u201c, fasste die Bad Vilbeler Sozialdezernentin Ricarda M\u00fcller-Grimm(SPD)&nbsp;ihre Eindr\u00fccke&nbsp;am Ende des rund dreist\u00fcndigen Besuchs treffend zusammen.&nbsp;Das sah auch&nbsp;Landratskandidat Rouven K\u00f6tter&nbsp;(SPD)&nbsp;so, der gemeinsam mit weiteren Vertretern der Bad Vilbeler SPD vor Ort war:&nbsp;\u201eDie&nbsp;HassiaGruppe&nbsp;ist&nbsp;als Ausbildungsbetrieb [&hellip;]\" \/>\n<meta property=\"og:url\" content=\"https:\/\/rouvenkoetter.de\/index.php\/2022\/11\/11\/getraenke-fuers-leben\/\" \/>\n<meta property=\"og:site_name\" content=\"Rouven K\u00f6tter\" \/>\n<meta property=\"article:published_time\" content=\"2022-11-11T06:00:00+00:00\" \/>\n<meta property=\"article:modified_time\" content=\"2022-11-10T13:44:39+00:00\" \/>\n<meta property=\"og:image\" content=\"https:\/\/rouvenkoetter.de\/wp-content\/uploads\/2022\/11\/28682553-779F-4264-9139-758769F3C03E-scaled.jpeg\" \/>\n\t<meta property=\"og:image:width\" content=\"2560\" \/>\n\t<meta property=\"og:image:height\" content=\"1440\" \/>\n\t<meta property=\"og:image:type\" content=\"image\/jpeg\" \/>\n<meta name=\"author\" content=\"Rouven K\u00f6tter\" \/>\n<meta name=\"twitter:card\" content=\"summary_large_image\" \/>\n<meta name=\"twitter:label1\" content=\"Verfasst von\" \/>\n\t<meta name=\"twitter:data1\" content=\"Rouven K\u00f6tter\" \/>\n\t<meta name=\"twitter:label2\" content=\"Gesch\u00e4tzte Lesezeit\" \/>\n\t<meta name=\"twitter:data2\" content=\"3\u00a0Minuten\" \/>\n<script type=\"application\/ld+json\" class=\"yoast-schema-graph\">{\"@context\":\"https:\/\/schema.org\",\"@graph\":[{\"@type\":\"WebPage\",\"@id\":\"https:\/\/rouvenkoetter.de\/index.php\/2022\/11\/11\/getraenke-fuers-leben\/\",\"url\":\"https:\/\/rouvenkoetter.de\/index.php\/2022\/11\/11\/getraenke-fuers-leben\/\",\"name\":\"Getr\u00e4nke f\u00fcr\u2018s Leben - Rouven K\u00f6tter\",\"isPartOf\":{\"@id\":\"https:\/\/rouvenkoetter.de\/#website\"},\"primaryImageOfPage\":{\"@id\":\"https:\/\/rouvenkoetter.de\/index.php\/2022\/11\/11\/getraenke-fuers-leben\/#primaryimage\"},\"image\":{\"@id\":\"https:\/\/rouvenkoetter.de\/index.php\/2022\/11\/11\/getraenke-fuers-leben\/#primaryimage\"},\"thumbnailUrl\":\"https:\/\/rouvenkoetter.de\/wp-content\/uploads\/2022\/11\/28682553-779F-4264-9139-758769F3C03E-scaled.jpeg\",\"datePublished\":\"2022-11-11T06:00:00+00:00\",\"dateModified\":\"2022-11-10T13:44:39+00:00\",\"author\":{\"@id\":\"https:\/\/rouvenkoetter.de\/#\/schema\/person\/d13789712861fd05be51c3e623e4175b\"},\"breadcrumb\":{\"@id\":\"https:\/\/rouvenkoetter.de\/index.php\/2022\/11\/11\/getraenke-fuers-leben\/#breadcrumb\"},\"inLanguage\":\"de\",\"potentialAction\":[{\"@type\":\"ReadAction\",\"target\":[\"https:\/\/rouvenkoetter.de\/index.php\/2022\/11\/11\/getraenke-fuers-leben\/\"]}]},{\"@type\":\"ImageObject\",\"inLanguage\":\"de\",\"@id\":\"https:\/\/rouvenkoetter.de\/index.php\/2022\/11\/11\/getraenke-fuers-leben\/#primaryimage\",\"url\":\"https:\/\/rouvenkoetter.de\/wp-content\/uploads\/2022\/11\/28682553-779F-4264-9139-758769F3C03E-scaled.jpeg\",\"contentUrl\":\"https:\/\/rouvenkoetter.de\/wp-content\/uploads\/2022\/11\/28682553-779F-4264-9139-758769F3C03E-scaled.jpeg\",\"width\":2560,\"height\":1440},{\"@type\":\"BreadcrumbList\",\"@id\":\"https:\/\/rouvenkoetter.de\/index.php\/2022\/11\/11\/getraenke-fuers-leben\/#breadcrumb\",\"itemListElement\":[{\"@type\":\"ListItem\",\"position\":1,\"name\":\"Startseite\",\"item\":\"https:\/\/rouvenkoetter.de\/\"},{\"@type\":\"ListItem\",\"position\":2,\"name\":\"Getr\u00e4nke f\u00fcr\u2018s Leben\"}]},{\"@type\":\"WebSite\",\"@id\":\"https:\/\/rouvenkoetter.de\/#website\",\"url\":\"https:\/\/rouvenkoetter.de\/\",\"name\":\"Rouven K\u00f6tter\",\"description\":\"#HeimatMacher\",\"potentialAction\":[{\"@type\":\"SearchAction\",\"target\":{\"@type\":\"EntryPoint\",\"urlTemplate\":\"https:\/\/rouvenkoetter.de\/?s={search_term_string}\"},\"query-input\":{\"@type\":\"PropertyValueSpecification\",\"valueRequired\":true,\"valueName\":\"search_term_string\"}}],\"inLanguage\":\"de\"},{\"@type\":\"Person\",\"@id\":\"https:\/\/rouvenkoetter.de\/#\/schema\/person\/d13789712861fd05be51c3e623e4175b\",\"name\":\"Rouven K\u00f6tter\",\"url\":\"https:\/\/rouvenkoetter.de\/index.php\/author\/koetter\/\"}]}<\/script>\n<!-- \/ Yoast SEO Premium plugin. -->","yoast_head_json":{"title":"Getr\u00e4nke f\u00fcr\u2018s Leben - Rouven K\u00f6tter","robots":{"index":"index","follow":"follow","max-snippet":"max-snippet:-1","max-image-preview":"max-image-preview:large","max-video-preview":"max-video-preview:-1"},"canonical":"https:\/\/rouvenkoetter.de\/index.php\/2022\/11\/11\/getraenke-fuers-leben\/","og_locale":"de_DE","og_type":"article","og_title":"Getr\u00e4nke f\u00fcr\u2018s Leben","og_description":"Landratskandidat Rouven K\u00f6tter und&nbsp;SPD Bad&nbsp;Vilbel zu Besuch bei&nbsp;HassiaGruppe \u201eEs macht mich als Bad&nbsp;Vilbelerin&nbsp;stolz, ein so innovatives und traditionsreiches Unternehmen vor Ort zu haben\u201c, fasste die Bad Vilbeler Sozialdezernentin Ricarda M\u00fcller-Grimm(SPD)&nbsp;ihre Eindr\u00fccke&nbsp;am Ende des rund dreist\u00fcndigen Besuchs treffend zusammen.&nbsp;Das sah auch&nbsp;Landratskandidat Rouven K\u00f6tter&nbsp;(SPD)&nbsp;so, der gemeinsam mit weiteren Vertretern der Bad Vilbeler SPD vor Ort war:&nbsp;\u201eDie&nbsp;HassiaGruppe&nbsp;ist&nbsp;als Ausbildungsbetrieb [&hellip;]","og_url":"https:\/\/rouvenkoetter.de\/index.php\/2022\/11\/11\/getraenke-fuers-leben\/","og_site_name":"Rouven K\u00f6tter","article_published_time":"2022-11-11T06:00:00+00:00","article_modified_time":"2022-11-10T13:44:39+00:00","og_image":[{"width":2560,"height":1440,"url":"https:\/\/rouvenkoetter.de\/wp-content\/uploads\/2022\/11\/28682553-779F-4264-9139-758769F3C03E-scaled.jpeg","type":"image\/jpeg"}],"author":"Rouven K\u00f6tter","twitter_card":"summary_large_image","twitter_misc":{"Verfasst von":"Rouven K\u00f6tter","Gesch\u00e4tzte Lesezeit":"3\u00a0Minuten"},"schema":{"@context":"https:\/\/schema.org","@graph":[{"@type":"WebPage","@id":"https:\/\/rouvenkoetter.de\/index.php\/2022\/11\/11\/getraenke-fuers-leben\/","url":"https:\/\/rouvenkoetter.de\/index.php\/2022\/11\/11\/getraenke-fuers-leben\/","name":"Getr\u00e4nke f\u00fcr\u2018s Leben - Rouven K\u00f6tter","isPartOf":{"@id":"https:\/\/rouvenkoetter.de\/#website"},"primaryImageOfPage":{"@id":"https:\/\/rouvenkoetter.de\/index.php\/2022\/11\/11\/getraenke-fuers-leben\/#primaryimage"},"image":{"@id":"https:\/\/rouvenkoetter.de\/index.php\/2022\/11\/11\/getraenke-fuers-leben\/#primaryimage"},"thumbnailUrl":"https:\/\/rouvenkoetter.de\/wp-content\/uploads\/2022\/11\/28682553-779F-4264-9139-758769F3C03E-scaled.jpeg","datePublished":"2022-11-11T06:00:00+00:00","dateModified":"2022-11-10T13:44:39+00:00","author":{"@id":"https:\/\/rouvenkoetter.de\/#\/schema\/person\/d13789712861fd05be51c3e623e4175b"},"breadcrumb":{"@id":"https:\/\/rouvenkoetter.de\/index.php\/2022\/11\/11\/getraenke-fuers-leben\/#breadcrumb"},"inLanguage":"de","potentialAction":[{"@type":"ReadAction","target":["https:\/\/rouvenkoetter.de\/index.php\/2022\/11\/11\/getraenke-fuers-leben\/"]}]},{"@type":"ImageObject","inLanguage":"de","@id":"https:\/\/rouvenkoetter.de\/index.php\/2022\/11\/11\/getraenke-fuers-leben\/#primaryimage","url":"https:\/\/rouvenkoetter.de\/wp-content\/uploads\/2022\/11\/28682553-779F-4264-9139-758769F3C03E-scaled.jpeg","contentUrl":"https:\/\/rouvenkoetter.de\/wp-content\/uploads\/2022\/11\/28682553-779F-4264-9139-758769F3C03E-scaled.jpeg","width":2560,"height":1440},{"@type":"BreadcrumbList","@id":"https:\/\/rouvenkoetter.de\/index.php\/2022\/11\/11\/getraenke-fuers-leben\/#breadcrumb","itemListElement":[{"@type":"ListItem","position":1,"name":"Startseite","item":"https:\/\/rouvenkoetter.de\/"},{"@type":"ListItem","position":2,"name":"Getr\u00e4nke f\u00fcr\u2018s Leben"}]},{"@type":"WebSite","@id":"https:\/\/rouvenkoetter.de\/#website","url":"https:\/\/rouvenkoetter.de\/","name":"Rouven K\u00f6tter","description":"#HeimatMacher","potentialAction":[{"@type":"SearchAction","target":{"@type":"EntryPoint","urlTemplate":"https:\/\/rouvenkoetter.de\/?s={search_term_string}"},"query-input":{"@type":"PropertyValueSpecification","valueRequired":true,"valueName":"search_term_string"}}],"inLanguage":"de"},{"@type":"Person","@id":"https:\/\/rouvenkoetter.de\/#\/schema\/person\/d13789712861fd05be51c3e623e4175b","name":"Rouven K\u00f6tter","url":"https:\/\/rouvenkoetter.de\/index.php\/author\/koetter\/"}]}},"_links":{"self":[{"href":"https:\/\/rouvenkoetter.de\/index.php\/wp-json\/wp\/v2\/posts\/493","targetHints":{"allow":["GET"]}}],"collection":[{"href":"https:\/\/rouvenkoetter.de\/index.php\/wp-json\/wp\/v2\/posts"}],"about":[{"href":"https:\/\/rouvenkoetter.de\/index.php\/wp-json\/wp\/v2\/types\/post"}],"author":[{"embeddable":true,"href":"https:\/\/rouvenkoetter.de\/index.php\/wp-json\/wp\/v2\/users\/2"}],"replies":[{"embeddable":true,"href":"https:\/\/rouvenkoetter.de\/index.php\/wp-json\/wp\/v2\/comments?post=493"}],"version-history":[{"count":1,"href":"https:\/\/rouvenkoetter.de\/index.php\/wp-json\/wp\/v2\/posts\/493\/revisions"}],"predecessor-version":[{"id":498,"href":"https:\/\/rouvenkoetter.de\/index.php\/wp-json\/wp\/v2\/posts\/493\/revisions\/498"}],"wp:featuredmedia":[{"embeddable":true,"href":"https:\/\/rouvenkoetter.de\/index.php\/wp-json\/wp\/v2\/media\/494"}],"wp:attachment":[{"href":"https:\/\/rouvenkoetter.de\/index.php\/wp-json\/wp\/v2\/media?parent=493"}],"wp:term":[{"taxonomy":"category","embeddable":true,"href":"https:\/\/rouvenkoetter.de\/index.php\/wp-json\/wp\/v2\/categories?post=493"},{"taxonomy":"post_tag","embeddable":true,"href":"https:\/\/rouvenkoetter.de\/index.php\/wp-json\/wp\/v2\/tags?post=493"}],"curies":[{"name":"wp","href":"https:\/\/api.w.org\/{rel}","templated":true}]}}